{"id":19341,"date":"2023-10-25T20:08:05","date_gmt":"2023-10-25T18:08:05","guid":{"rendered":"https:\/\/www.rijeka.hr\/it\/?p=19341"},"modified":"2024-12-12T14:10:34","modified_gmt":"2024-12-12T13:10:34","slug":"approvata-la-cornice-programmatica-e-finanziaria-per-il-tnc-ivan-de-zajc-dal-2025-al-2028","status":"publish","type":"post","link":"https:\/\/www.rijeka.hr\/it\/approvata-la-cornice-programmatica-e-finanziaria-per-il-tnc-ivan-de-zajc-dal-2025-al-2028\/","title":{"rendered":"Approvata la Cornice programmatica e finanziaria per il TNC Ivan de Zajc dal 2025 al 2028"},"content":{"rendered":"<p>Il Bando per la nomina del sovrintendente viene pubblicato al pi\u00f9 tardi un anno prima della scadenza del mandato del sovrintendente in carica. Considerata la scadenza del mandato dell\u2019attuale sovrintendente, il Consiglio teatrale \u00e8 in obbligo di pubblicare il bando per la nomina del sovrintendente entro il 31 dicembre 2023.<\/p>\n<p>In quanto fondatore del teatro, la Citt\u00e0 di Fiume \u00e8 in obbligo, prima della pubblicazione del Bando per il sovrintendente e nel rispetto dei criteri artistici, di definire la Cornice programmatica e finanziaria di base per il prossimo mandato. Il documento rappresenta la base per l\u2019attivit\u00e0 del sovrintendente.<\/p>\n<p>Ai sensi delle proiezioni di Bilancio approvate per il 2025, per l\u2019attivit\u00e0 programmatica dell\u2019ente sono pianificati complessivamente 6.255.901,00 euro. Considerato che attualmente non si dispone di proiezioni per gli anni 2026, 2027 e 2028 si propone di assicurare per ciascuno degli anni citati lo stesso importo previsto per il 2025.<\/p>\n<p>La portata del programma pu\u00f2 essere sottoposta a revisione da parte del Consiglio teatrale, tenuto conto di eventuali modifiche della Cornice finanziaria della Citt\u00e0 di Fiume nel periodo 2025-2028.<\/p>\n<p>Il sindaco ha stabilito la bozza di proposta di Strategia di sviluppo dell\u2019Agglomerazione urbana Fiume per il periodo finanziario 2021-2027 come pure il Piano d\u2019azione per la sua attuazione. Entrambi i documenti saranno sottoposti a consultazione pubblica. La stesura della Strategia \u00e8 importante non soltanto alla luce dell\u2019ampliamento dell\u2019Agglomerazione urbana Fiume \u2013 alla quale hanno aderito alla fine del 2021 anche i Comuni di Mattuglie, Castelmuschio e Jelenje nonch\u00e9 la Citt\u00e0 di Buccari \u2013, ma anche in considerazione del fatto che la stesura della Strategia rappresenta la base per l\u2019ottenimento dei fondi UE dal Meccanismo ITU anche nell\u2019attuale periodo finanziario dell\u2019Unione europea.<\/p>\n<p>Approvato il Resoconto annuale sull\u2019attuazione del Programma di necessit\u00e0 pubbliche nell\u2019educazione e istruzione prescolare e della cura dei bambini di et\u00e0 prescolare della Citt\u00e0 di Fiume nell\u2019anno pedagogico 2022\/2023.<\/p>\n<p>Nello scorso anno pedagogico negli asili cittadini Rijeka, Su\u0161ak e More si sono iscritti 3.021 bambini, mentre i bambini con precedenza per l\u2019iscrizione rimasti non iscritti erano 106, dei quali 100 bambini di et\u00e0 inferiore ai 3 anni. Sulla riduzione del numero dei bambini iscritti negli asili incide l\u2019aumento del numero di bambini con difficolt\u00e0 nello sviluppo che vengono inclusi nei gruppi ordinari. Complessivamente negli asili della Citt\u00e0 di Fiume operano 10 gruppi specifici dedicati ai bambini con difficolt\u00e0 mentre sono 6 i cosiddetti gruppi inclusivi. Parallelamente con l\u2019aumento del numero di bambini con difficolt\u00e0 nello sviluppo e del numero dei gruppi ordinari, specifici e inclusivi gli enti prescolari della Citt\u00e0 di Fiume continuano a registrare una carenza cronica di quadri professionali adeguati: educatori ed esperti di profilo educativo-riabilitativo.<\/p>\n<p>Per quanto riguarda i gruppi destinati agli appartenenti alla minoranza nazionale italiana \u00e8 emerso che negli ultimi due anni pedagogici va decrescendo il numero di bambini i cui genitori optano per la notifica per l\u2019iscrizione a questo programma. Nell\u2019asilo Rijeka ha smesso di operare il programma di educazione religiosa cattolica a causa del mancato interesse dei genitori a iscrivere i bambini.<\/p>\n<p>Negli asili cittadini e negli asili di altri fondatori hanno soggiornato in media 23 bambini profughi dall\u2019Ucraina. La Citt\u00e0 di Fiume ha cofinanziato con 1.017.605,79 euro l\u2019attivit\u00e0 di dieci asili di altri fondatori sul territorio di Fiume nei quali hanno soggiornato in media 498 bambini residenti a Fiume.<\/p>\n<p>\u00c8 stato approvato il cofinanziamento per 19 bambini residenti nella Citt\u00e0 di Fiume e iscritti in otto asili sul territorio di altre Citt\u00e0 e Comuni. A questo scopo sono stati assicurati dal Bilancio cittadino 24.784,12 euro. I genitori i cui bambini non avevano la possibilit\u00e0 di iscriversi all\u2019asilo a causa delle insufficienti capacit\u00e0 ricettive hanno avuto la possibilit\u00e0 di realizzare il diritto al cofinanziamento del soggiorno del bambino in un\u2019impresa per la cura del bambino (tate).<\/p>\n<p>La Citt\u00e0 di Fiume prosegue con il cofinanziamento del progetto \u201cAzione per 5\u201d, che sar\u00e0 realizzata l\u20198 novembre nell\u2019Aula municipale nell\u2019organizzazione dell\u2019Associazione Delta. Una cinquantina di alunni delle scuole medie fiumane ideer\u00e0 un progetto sul tema della salute dei giovani. Saranno gli stessi alunni a scegliere il progetto migliore, che sar\u00e0 realizzato dal gruppo vincitore con il contributo finanziario della Citt\u00e0 di Fiume e con il supporto tecnico dell\u2019Associazione Delta.<\/p>\n","protected":false},"excerpt":{"rendered":"<p>Il sindaco Marko Filipovi\u0107 ha definito nel corso del collegio la Cornice programmatica e finanziaria di base per il TNC Ivan de Zajc per il periodo 2025-2028. Il documento \u00e8 parte integrante del Bando per la nomina del nuovo sovrintendente.<\/p>\n","protected":false},"author":8,"featured_media":19345,"comment_status":"open","ping_status":"open","sticky":false,"template":"","format":"standard","meta":{"_acf_changed":false,"_trash_the_other_posts":false,"footnotes":"","_links_to":"","_links_to_target":""},"categories":[416],"tags":[487],"class_list":["post-19341","post","type-post","status-publish","format-standard","has-post-thumbnail","hentry","category-collegio-del-sindaco","tag-collegio-del-sindaco"],"acf":[],"yoast_head":"<!-- This site is optimized with the Yoast SEO plugin v24.4 - https:\/\/yoast.com\/wordpress\/plugins\/seo\/ -->\n<title>Approvata la Cornice programmatica e finanziaria per il TNC Ivan de Zajc dal 2025 al 2028 - Citt\u00e0 di Fiume<\/title>\n<meta name=\"robots\" content=\"index, follow, max-snippet:-1, max-image-preview:large, max-video-preview:-1\" \/>\n<link rel=\"canonical\" href=\"https:\/\/www.rijeka.hr\/it\/approvata-la-cornice-programmatica-e-finanziaria-per-il-tnc-ivan-de-zajc-dal-2025-al-2028\/\" \/>\n<meta property=\"og:locale\" content=\"it_IT\" \/>\n<meta property=\"og:type\" content=\"article\" \/>\n<meta property=\"og:title\" content=\"Approvata la Cornice programmatica e finanziaria per il TNC Ivan de Zajc dal 2025 al 2028 - Citt\u00e0 di Fiume\" \/>\n<meta property=\"og:description\" content=\"Il sindaco Marko Filipovi\u0107 ha definito nel corso del collegio la Cornice programmatica e finanziaria di base per il TNC Ivan de Zajc per il periodo 2025-2028. Il documento \u00e8 parte integrante del Bando per la nomina del nuovo sovrintendente.\" \/>\n<meta property=\"og:url\" content=\"https:\/\/www.rijeka.hr\/it\/approvata-la-cornice-programmatica-e-finanziaria-per-il-tnc-ivan-de-zajc-dal-2025-al-2028\/\" \/>\n<meta property=\"og:site_name\" content=\"Citt\u00e0 di Fiume\" \/>\n<meta property=\"article:published_time\" content=\"2023-10-25T18:08:05+00:00\" \/>\n<meta property=\"article:modified_time\" content=\"2024-12-12T13:10:34+00:00\" \/>\n<meta property=\"og:image\" content=\"https:\/\/www.rijeka.hr\/it\/wp-content\/uploads\/sites\/3\/2023\/10\/Teatro-Ivan-pl.-Zajc.jpg\" \/>\n\t<meta property=\"og:image:width\" content=\"900\" \/>\n\t<meta property=\"og:image:height\" content=\"600\" \/>\n\t<meta property=\"og:image:type\" content=\"image\/jpeg\" \/>\n<meta name=\"author\" content=\"sradovic\" \/>\n<meta name=\"twitter:card\" content=\"summary_large_image\" \/>\n<meta name=\"twitter:label1\" content=\"Written by\" \/>\n\t<meta name=\"twitter:data1\" content=\"sradovic\" \/>\n\t<meta name=\"twitter:label2\" content=\"Est. reading time\" \/>\n\t<meta name=\"twitter:data2\" content=\"3 minutes\" \/>\n<script type=\"application\/ld+json\" class=\"yoast-schema-graph\">{\"@context\":\"https:\/\/schema.org\",\"@graph\":[{\"@type\":\"WebPage\",\"@id\":\"https:\/\/www.rijeka.hr\/it\/approvata-la-cornice-programmatica-e-finanziaria-per-il-tnc-ivan-de-zajc-dal-2025-al-2028\/\",\"url\":\"https:\/\/www.rijeka.hr\/it\/approvata-la-cornice-programmatica-e-finanziaria-per-il-tnc-ivan-de-zajc-dal-2025-al-2028\/\",\"name\":\"Approvata la Cornice programmatica e finanziaria per il TNC Ivan de Zajc dal 2025 al 2028 - Citt\u00e0 di Fiume\",\"isPartOf\":{\"@id\":\"https:\/\/www.rijeka.hr\/it\/#website\"},\"primaryImageOfPage\":{\"@id\":\"https:\/\/www.rijeka.hr\/it\/approvata-la-cornice-programmatica-e-finanziaria-per-il-tnc-ivan-de-zajc-dal-2025-al-2028\/#primaryimage\"},\"image\":{\"@id\":\"https:\/\/www.rijeka.hr\/it\/approvata-la-cornice-programmatica-e-finanziaria-per-il-tnc-ivan-de-zajc-dal-2025-al-2028\/#primaryimage\"},\"thumbnailUrl\":\"https:\/\/www.rijeka.hr\/it\/wp-content\/uploads\/sites\/3\/2023\/10\/Teatro-Ivan-pl.-Zajc.jpg\",\"datePublished\":\"2023-10-25T18:08:05+00:00\",\"dateModified\":\"2024-12-12T13:10:34+00:00\",\"author\":{\"@id\":\"https:\/\/www.rijeka.hr\/it\/#\/schema\/person\/f944eacc70b6a69bc142d9389862b37b\"},\"breadcrumb\":{\"@id\":\"https:\/\/www.rijeka.hr\/it\/approvata-la-cornice-programmatica-e-finanziaria-per-il-tnc-ivan-de-zajc-dal-2025-al-2028\/#breadcrumb\"},\"inLanguage\":\"it-IT\",\"potentialAction\":[{\"@type\":\"ReadAction\",\"target\":[\"https:\/\/www.rijeka.hr\/it\/approvata-la-cornice-programmatica-e-finanziaria-per-il-tnc-ivan-de-zajc-dal-2025-al-2028\/\"]}]},{\"@type\":\"ImageObject\",\"inLanguage\":\"it-IT\",\"@id\":\"https:\/\/www.rijeka.hr\/it\/approvata-la-cornice-programmatica-e-finanziaria-per-il-tnc-ivan-de-zajc-dal-2025-al-2028\/#primaryimage\",\"url\":\"https:\/\/www.rijeka.hr\/it\/wp-content\/uploads\/sites\/3\/2023\/10\/Teatro-Ivan-pl.-Zajc.jpg\",\"contentUrl\":\"https:\/\/www.rijeka.hr\/it\/wp-content\/uploads\/sites\/3\/2023\/10\/Teatro-Ivan-pl.-Zajc.jpg\",\"width\":900,\"height\":600,\"caption\":\"Teatro Ivan pl. Zajc\"},{\"@type\":\"BreadcrumbList\",\"@id\":\"https:\/\/www.rijeka.hr\/it\/approvata-la-cornice-programmatica-e-finanziaria-per-il-tnc-ivan-de-zajc-dal-2025-al-2028\/#breadcrumb\",\"itemListElement\":[{\"@type\":\"ListItem\",\"position\":1,\"name\":\"Po\u010detna stranica\",\"item\":\"https:\/\/www.rijeka.hr\/it\/\"},{\"@type\":\"ListItem\",\"position\":2,\"name\":\"Approvata la Cornice programmatica e finanziaria per il TNC Ivan de Zajc dal 2025 al 2028\"}]},{\"@type\":\"WebSite\",\"@id\":\"https:\/\/www.rijeka.hr\/it\/#website\",\"url\":\"https:\/\/www.rijeka.hr\/it\/\",\"name\":\"Citt\u00e0 di Fiume\",\"description\":\"Portale web della Citta&#039; di Fiume\",\"potentialAction\":[{\"@type\":\"SearchAction\",\"target\":{\"@type\":\"EntryPoint\",\"urlTemplate\":\"https:\/\/www.rijeka.hr\/it\/?s={search_term_string}\"},\"query-input\":{\"@type\":\"PropertyValueSpecification\",\"valueRequired\":true,\"valueName\":\"search_term_string\"}}],\"inLanguage\":\"it-IT\"},{\"@type\":\"Person\",\"@id\":\"https:\/\/www.rijeka.hr\/it\/#\/schema\/person\/f944eacc70b6a69bc142d9389862b37b\",\"name\":\"sradovic\",\"image\":{\"@type\":\"ImageObject\",\"inLanguage\":\"it-IT\",\"@id\":\"https:\/\/www.rijeka.hr\/it\/#\/schema\/person\/image\/\",\"url\":\"https:\/\/secure.gravatar.com\/avatar\/d438b95983d528813c6fe2e5812a4188?s=96&d=mm&r=g\",\"contentUrl\":\"https:\/\/secure.gravatar.com\/avatar\/d438b95983d528813c6fe2e5812a4188?s=96&d=mm&r=g\",\"caption\":\"sradovic\"},\"url\":\"https:\/\/www.rijeka.hr\/it\/author\/sradovic\/\"}]}<\/script>\n<!-- \/ Yoast SEO plugin. -->","yoast_head_json":{"title":"Approvata la Cornice programmatica e finanziaria per il TNC Ivan de Zajc dal 2025 al 2028 - Citt\u00e0 di Fiume","robots":{"index":"index","follow":"follow","max-snippet":"max-snippet:-1","max-image-preview":"max-image-preview:large","max-video-preview":"max-video-preview:-1"},"canonical":"https:\/\/www.rijeka.hr\/it\/approvata-la-cornice-programmatica-e-finanziaria-per-il-tnc-ivan-de-zajc-dal-2025-al-2028\/","og_locale":"it_IT","og_type":"article","og_title":"Approvata la Cornice programmatica e finanziaria per il TNC Ivan de Zajc dal 2025 al 2028 - Citt\u00e0 di Fiume","og_description":"Il sindaco Marko Filipovi\u0107 ha definito nel corso del collegio la Cornice programmatica e finanziaria di base per il TNC Ivan de Zajc per il periodo 2025-2028. Il documento \u00e8 parte integrante del Bando per la nomina del nuovo sovrintendente.","og_url":"https:\/\/www.rijeka.hr\/it\/approvata-la-cornice-programmatica-e-finanziaria-per-il-tnc-ivan-de-zajc-dal-2025-al-2028\/","og_site_name":"Citt\u00e0 di Fiume","article_published_time":"2023-10-25T18:08:05+00:00","article_modified_time":"2024-12-12T13:10:34+00:00","og_image":[{"width":900,"height":600,"url":"https:\/\/www.rijeka.hr\/it\/wp-content\/uploads\/sites\/3\/2023\/10\/Teatro-Ivan-pl.-Zajc.jpg","type":"image\/jpeg"}],"author":"sradovic","twitter_card":"summary_large_image","twitter_misc":{"Written by":"sradovic","Est. reading time":"3 minutes"},"schema":{"@context":"https:\/\/schema.org","@graph":[{"@type":"WebPage","@id":"https:\/\/www.rijeka.hr\/it\/approvata-la-cornice-programmatica-e-finanziaria-per-il-tnc-ivan-de-zajc-dal-2025-al-2028\/","url":"https:\/\/www.rijeka.hr\/it\/approvata-la-cornice-programmatica-e-finanziaria-per-il-tnc-ivan-de-zajc-dal-2025-al-2028\/","name":"Approvata la Cornice programmatica e finanziaria per il TNC Ivan de Zajc dal 2025 al 2028 - Citt\u00e0 di Fiume","isPartOf":{"@id":"https:\/\/www.rijeka.hr\/it\/#website"},"primaryImageOfPage":{"@id":"https:\/\/www.rijeka.hr\/it\/approvata-la-cornice-programmatica-e-finanziaria-per-il-tnc-ivan-de-zajc-dal-2025-al-2028\/#primaryimage"},"image":{"@id":"https:\/\/www.rijeka.hr\/it\/approvata-la-cornice-programmatica-e-finanziaria-per-il-tnc-ivan-de-zajc-dal-2025-al-2028\/#primaryimage"},"thumbnailUrl":"https:\/\/www.rijeka.hr\/it\/wp-content\/uploads\/sites\/3\/2023\/10\/Teatro-Ivan-pl.-Zajc.jpg","datePublished":"2023-10-25T18:08:05+00:00","dateModified":"2024-12-12T13:10:34+00:00","author":{"@id":"https:\/\/www.rijeka.hr\/it\/#\/schema\/person\/f944eacc70b6a69bc142d9389862b37b"},"breadcrumb":{"@id":"https:\/\/www.rijeka.hr\/it\/approvata-la-cornice-programmatica-e-finanziaria-per-il-tnc-ivan-de-zajc-dal-2025-al-2028\/#breadcrumb"},"inLanguage":"it-IT","potentialAction":[{"@type":"ReadAction","target":["https:\/\/www.rijeka.hr\/it\/approvata-la-cornice-programmatica-e-finanziaria-per-il-tnc-ivan-de-zajc-dal-2025-al-2028\/"]}]},{"@type":"ImageObject","inLanguage":"it-IT","@id":"https:\/\/www.rijeka.hr\/it\/approvata-la-cornice-programmatica-e-finanziaria-per-il-tnc-ivan-de-zajc-dal-2025-al-2028\/#primaryimage","url":"https:\/\/www.rijeka.hr\/it\/wp-content\/uploads\/sites\/3\/2023\/10\/Teatro-Ivan-pl.-Zajc.jpg","contentUrl":"https:\/\/www.rijeka.hr\/it\/wp-content\/uploads\/sites\/3\/2023\/10\/Teatro-Ivan-pl.-Zajc.jpg","width":900,"height":600,"caption":"Teatro Ivan pl. Zajc"},{"@type":"BreadcrumbList","@id":"https:\/\/www.rijeka.hr\/it\/approvata-la-cornice-programmatica-e-finanziaria-per-il-tnc-ivan-de-zajc-dal-2025-al-2028\/#breadcrumb","itemListElement":[{"@type":"ListItem","position":1,"name":"Po\u010detna stranica","item":"https:\/\/www.rijeka.hr\/it\/"},{"@type":"ListItem","position":2,"name":"Approvata la Cornice programmatica e finanziaria per il TNC Ivan de Zajc dal 2025 al 2028"}]},{"@type":"WebSite","@id":"https:\/\/www.rijeka.hr\/it\/#website","url":"https:\/\/www.rijeka.hr\/it\/","name":"Citt\u00e0 di Fiume","description":"Portale web della Citta&#039; di Fiume","potentialAction":[{"@type":"SearchAction","target":{"@type":"EntryPoint","urlTemplate":"https:\/\/www.rijeka.hr\/it\/?s={search_term_string}"},"query-input":{"@type":"PropertyValueSpecification","valueRequired":true,"valueName":"search_term_string"}}],"inLanguage":"it-IT"},{"@type":"Person","@id":"https:\/\/www.rijeka.hr\/it\/#\/schema\/person\/f944eacc70b6a69bc142d9389862b37b","name":"sradovic","image":{"@type":"ImageObject","inLanguage":"it-IT","@id":"https:\/\/www.rijeka.hr\/it\/#\/schema\/person\/image\/","url":"https:\/\/secure.gravatar.com\/avatar\/d438b95983d528813c6fe2e5812a4188?s=96&d=mm&r=g","contentUrl":"https:\/\/secure.gravatar.com\/avatar\/d438b95983d528813c6fe2e5812a4188?s=96&d=mm&r=g","caption":"sradovic"},"url":"https:\/\/www.rijeka.hr\/it\/author\/sradovic\/"}]}},"_links":{"self":[{"href":"https:\/\/www.rijeka.hr\/it\/wp-json\/wp\/v2\/posts\/19341","targetHints":{"allow":["GET"]}}],"collection":[{"href":"https:\/\/www.rijeka.hr\/it\/wp-json\/wp\/v2\/posts"}],"about":[{"href":"https:\/\/www.rijeka.hr\/it\/wp-json\/wp\/v2\/types\/post"}],"author":[{"embeddable":true,"href":"https:\/\/www.rijeka.hr\/it\/wp-json\/wp\/v2\/users\/8"}],"replies":[{"embeddable":true,"href":"https:\/\/www.rijeka.hr\/it\/wp-json\/wp\/v2\/comments?post=19341"}],"version-history":[{"count":2,"href":"https:\/\/www.rijeka.hr\/it\/wp-json\/wp\/v2\/posts\/19341\/revisions"}],"predecessor-version":[{"id":19343,"href":"https:\/\/www.rijeka.hr\/it\/wp-json\/wp\/v2\/posts\/19341\/revisions\/19343"}],"wp:featuredmedia":[{"embeddable":true,"href":"https:\/\/www.rijeka.hr\/it\/wp-json\/wp\/v2\/media\/19345"}],"wp:attachment":[{"href":"https:\/\/www.rijeka.hr\/it\/wp-json\/wp\/v2\/media?parent=19341"}],"wp:term":[{"taxonomy":"category","embeddable":true,"href":"https:\/\/www.rijeka.hr\/it\/wp-json\/wp\/v2\/categories?post=19341"},{"taxonomy":"post_tag","embeddable":true,"href":"https:\/\/www.rijeka.hr\/it\/wp-json\/wp\/v2\/tags?post=19341"}],"curies":[{"name":"wp","href":"https:\/\/api.w.org\/{rel}","templated":true}]}}