{"id":19542,"date":"2025-07-02T11:33:31","date_gmt":"2025-07-02T09:33:31","guid":{"rendered":"https:\/\/www.rijeka.hr\/it\/?p=19542"},"modified":"2026-01-09T08:49:24","modified_gmt":"2026-01-09T07:49:24","slug":"la-sindaca-iva-rincic-a-capo-del-comitato-di-coordinamento-dellagglomerazione-urbana-di-fiume","status":"publish","type":"post","link":"https:\/\/www.rijeka.hr\/it\/la-sindaca-iva-rincic-a-capo-del-comitato-di-coordinamento-dellagglomerazione-urbana-di-fiume\/","title":{"rendered":"La sindaca Iva Rin\u010di\u0107 a capo del Comitato di coordinamento dell\u2019Agglomerazione urbana di Fiume"},"content":{"rendered":"<p>Il Comitato di coordinamento \u00e8 l\u2019organismo chiamato a coordinare la stesura, le modifiche e\/o le integrazioni, l\u2019approvazione, l\u2019attuazione e il monitoraggio dell\u2019attuazione della Strategia di sviluppo dell\u2019Agglomerazione urbana di Fiume ed \u00e8 composto dai sindaci di 14 citt\u00e0 e comuni inclusi nell\u2019Agglomerazione urbana di Fiume. Per tale motivo, a seguito delle recenti elezioni amministrative, \u00e8 stata modificata parzialmente la composizione del Comitato di coordinamento dell\u2019Agglomerazione urbana di Fiume.<br \/>\nA rappresentante della Citt\u00e0 di Fiume nel Sottocomitato per il coordinamento e il monitoraggio dell\u2019utilizzo dei fondi dell\u2019Unione europea nel periodo<br \/>\n2021-2027 \u00e8 stato nominato il vicesindaco Vedran Vivoda, mentre nel Comitato per il monitoraggio dell\u2019attuazione del Programma Competitivit\u00e0 e coesione 2021-2027 e del Programma territoriale integrato 2021-2027, a rappresentante della Citt\u00e0 di Fiume \u00e8 stato nominato il vicesindaco Aleksandar-Sa\u0161a Milakovi\u0107.<br \/>\n\u00c8 stata approvata la conclusione sulla seconda ridestinazione dei mezzi pianificati nel Bilancio della Citt\u00e0 di Fiume per il 2025 considerato che in data 30 giugno 2025 si chiude il resoconto semestrale e che l\u2019esecuzione delle singole voci delle uscite di Bilancio non deve registrare sforamenti. Con queste ridestinazioni l\u2019importo complessivo del Bilancio della Citt\u00e0 di Fiume per il 2025 non viene modificato. Delle ridestinazioni effettuate sar\u00e0 data comunicazione al Consiglio comunale in occasione della presentazione del Resoconto semestrale sull\u2019esecuzione del Bilancio per il 2025.<br \/>\n\u00c8 stato approvato il concept dell\u2019organizzazione del Demo day 2025 ed \u00e8 stata nominata la commissione di esperti indipendenti per la valutazione dei team di beneficiari facenti parte della 16.ma generazione di utenti dell\u2019Incubatore Startup Fiume. Il Demo day \u00e8 in programma il 1.mo luglio e nell\u2019occasione saranno proclamati i tre team della generazione che hanno registrato maggiore successo, ai quali saranno assegnati i sostegni finanziari della Citt\u00e0 di Fiume nell\u2019importo di 15.000, 7.000 e 3.000 euro per l\u2019avvio di un\u2019attivit\u00e0 in proprio sul territorio di Fiume.<\/p>\n","protected":false},"excerpt":{"rendered":"<p>Con la modifica della delibera di costituzione del Comitato di coordinamento dell\u2019Agglomerazione urbana di Fiume per il periodo finanziario 2021-2027, alla guida di questo organo \u00e8 stata nominata la nuova sindaca di Fiume, Iva Rin\u010di\u0107, mentre a suo vice \u00e8 stato nominato il vicesindaco Vedran Vivoda.<\/p>\n","protected":false},"author":5,"featured_media":19546,"comment_status":"open","ping_status":"open","sticky":false,"template":"","format":"standard","meta":{"_acf_changed":false,"_trash_the_other_posts":false,"footnotes":"","_links_to":"","_links_to_target":""},"categories":[416],"tags":[487],"class_list":["post-19542","post","type-post","status-publish","format-standard","has-post-thumbnail","hentry","category-collegio-del-sindaco","tag-collegio-del-sindaco"],"acf":[],"yoast_head":"<!-- This site is optimized with the Yoast SEO plugin v24.4 - https:\/\/yoast.com\/wordpress\/plugins\/seo\/ -->\n<title>La sindaca Iva Rin\u010di\u0107 a capo del Comitato di coordinamento dell\u2019Agglomerazione urbana di Fiume - Citt\u00e0 di Fiume<\/title>\n<meta name=\"robots\" content=\"index, follow, max-snippet:-1, max-image-preview:large, max-video-preview:-1\" \/>\n<link rel=\"canonical\" href=\"https:\/\/www.rijeka.hr\/it\/la-sindaca-iva-rincic-a-capo-del-comitato-di-coordinamento-dellagglomerazione-urbana-di-fiume\/\" \/>\n<meta property=\"og:locale\" content=\"it_IT\" \/>\n<meta property=\"og:type\" content=\"article\" \/>\n<meta property=\"og:title\" content=\"La sindaca Iva Rin\u010di\u0107 a capo del Comitato di coordinamento dell\u2019Agglomerazione urbana di Fiume - Citt\u00e0 di Fiume\" \/>\n<meta property=\"og:description\" content=\"Con la modifica della delibera di costituzione del Comitato di coordinamento dell\u2019Agglomerazione urbana di Fiume per il periodo finanziario 2021-2027, alla guida di questo organo \u00e8 stata nominata la nuova sindaca di Fiume, Iva Rin\u010di\u0107, mentre a suo vice \u00e8 stato nominato il vicesindaco Vedran Vivoda.\" \/>\n<meta property=\"og:url\" content=\"https:\/\/www.rijeka.hr\/it\/la-sindaca-iva-rincic-a-capo-del-comitato-di-coordinamento-dellagglomerazione-urbana-di-fiume\/\" \/>\n<meta property=\"og:site_name\" content=\"Citt\u00e0 di Fiume\" \/>\n<meta property=\"article:published_time\" content=\"2025-07-02T09:33:31+00:00\" \/>\n<meta property=\"article:modified_time\" content=\"2026-01-09T07:49:24+00:00\" \/>\n<meta property=\"og:image\" content=\"https:\/\/www.rijeka.hr\/it\/wp-content\/uploads\/sites\/3\/2025\/07\/Fiume-panorama.jpg\" \/>\n\t<meta property=\"og:image:width\" content=\"900\" \/>\n\t<meta property=\"og:image:height\" content=\"600\" \/>\n\t<meta property=\"og:image:type\" content=\"image\/jpeg\" \/>\n<meta name=\"author\" content=\"Ivica Nikolac\" \/>\n<meta name=\"twitter:card\" content=\"summary_large_image\" \/>\n<meta name=\"twitter:label1\" content=\"Written by\" \/>\n\t<meta name=\"twitter:data1\" content=\"Ivica Nikolac\" \/>\n\t<meta name=\"twitter:label2\" content=\"Est. reading time\" \/>\n\t<meta name=\"twitter:data2\" content=\"2 minutes\" \/>\n<script type=\"application\/ld+json\" class=\"yoast-schema-graph\">{\"@context\":\"https:\/\/schema.org\",\"@graph\":[{\"@type\":\"WebPage\",\"@id\":\"https:\/\/www.rijeka.hr\/it\/la-sindaca-iva-rincic-a-capo-del-comitato-di-coordinamento-dellagglomerazione-urbana-di-fiume\/\",\"url\":\"https:\/\/www.rijeka.hr\/it\/la-sindaca-iva-rincic-a-capo-del-comitato-di-coordinamento-dellagglomerazione-urbana-di-fiume\/\",\"name\":\"La sindaca Iva Rin\u010di\u0107 a capo del Comitato di coordinamento dell\u2019Agglomerazione urbana di Fiume - Citt\u00e0 di Fiume\",\"isPartOf\":{\"@id\":\"https:\/\/www.rijeka.hr\/it\/#website\"},\"primaryImageOfPage\":{\"@id\":\"https:\/\/www.rijeka.hr\/it\/la-sindaca-iva-rincic-a-capo-del-comitato-di-coordinamento-dellagglomerazione-urbana-di-fiume\/#primaryimage\"},\"image\":{\"@id\":\"https:\/\/www.rijeka.hr\/it\/la-sindaca-iva-rincic-a-capo-del-comitato-di-coordinamento-dellagglomerazione-urbana-di-fiume\/#primaryimage\"},\"thumbnailUrl\":\"https:\/\/www.rijeka.hr\/it\/wp-content\/uploads\/sites\/3\/2025\/07\/Fiume-panorama.jpg\",\"datePublished\":\"2025-07-02T09:33:31+00:00\",\"dateModified\":\"2026-01-09T07:49:24+00:00\",\"author\":{\"@id\":\"https:\/\/www.rijeka.hr\/it\/#\/schema\/person\/048b064fa7891b19d16e03a382abb85e\"},\"breadcrumb\":{\"@id\":\"https:\/\/www.rijeka.hr\/it\/la-sindaca-iva-rincic-a-capo-del-comitato-di-coordinamento-dellagglomerazione-urbana-di-fiume\/#breadcrumb\"},\"inLanguage\":\"it-IT\",\"potentialAction\":[{\"@type\":\"ReadAction\",\"target\":[\"https:\/\/www.rijeka.hr\/it\/la-sindaca-iva-rincic-a-capo-del-comitato-di-coordinamento-dellagglomerazione-urbana-di-fiume\/\"]}]},{\"@type\":\"ImageObject\",\"inLanguage\":\"it-IT\",\"@id\":\"https:\/\/www.rijeka.hr\/it\/la-sindaca-iva-rincic-a-capo-del-comitato-di-coordinamento-dellagglomerazione-urbana-di-fiume\/#primaryimage\",\"url\":\"https:\/\/www.rijeka.hr\/it\/wp-content\/uploads\/sites\/3\/2025\/07\/Fiume-panorama.jpg\",\"contentUrl\":\"https:\/\/www.rijeka.hr\/it\/wp-content\/uploads\/sites\/3\/2025\/07\/Fiume-panorama.jpg\",\"width\":900,\"height\":600,\"caption\":\"Fiume panorama\"},{\"@type\":\"BreadcrumbList\",\"@id\":\"https:\/\/www.rijeka.hr\/it\/la-sindaca-iva-rincic-a-capo-del-comitato-di-coordinamento-dellagglomerazione-urbana-di-fiume\/#breadcrumb\",\"itemListElement\":[{\"@type\":\"ListItem\",\"position\":1,\"name\":\"Po\u010detna stranica\",\"item\":\"https:\/\/www.rijeka.hr\/it\/\"},{\"@type\":\"ListItem\",\"position\":2,\"name\":\"La sindaca Iva Rin\u010di\u0107 a capo del Comitato di coordinamento dell\u2019Agglomerazione urbana di Fiume\"}]},{\"@type\":\"WebSite\",\"@id\":\"https:\/\/www.rijeka.hr\/it\/#website\",\"url\":\"https:\/\/www.rijeka.hr\/it\/\",\"name\":\"Citt\u00e0 di Fiume\",\"description\":\"Portale web della Citta&#039; di Fiume\",\"potentialAction\":[{\"@type\":\"SearchAction\",\"target\":{\"@type\":\"EntryPoint\",\"urlTemplate\":\"https:\/\/www.rijeka.hr\/it\/?s={search_term_string}\"},\"query-input\":{\"@type\":\"PropertyValueSpecification\",\"valueRequired\":true,\"valueName\":\"search_term_string\"}}],\"inLanguage\":\"it-IT\"},{\"@type\":\"Person\",\"@id\":\"https:\/\/www.rijeka.hr\/it\/#\/schema\/person\/048b064fa7891b19d16e03a382abb85e\",\"name\":\"Ivica Nikolac\",\"image\":{\"@type\":\"ImageObject\",\"inLanguage\":\"it-IT\",\"@id\":\"https:\/\/www.rijeka.hr\/it\/#\/schema\/person\/image\/\",\"url\":\"https:\/\/secure.gravatar.com\/avatar\/566d324e1656a1b494a0766b85643006?s=96&d=mm&r=g\",\"contentUrl\":\"https:\/\/secure.gravatar.com\/avatar\/566d324e1656a1b494a0766b85643006?s=96&d=mm&r=g\",\"caption\":\"Ivica Nikolac\"},\"url\":\"https:\/\/www.rijeka.hr\/it\/author\/inikolac\/\"}]}<\/script>\n<!-- \/ Yoast SEO plugin. -->","yoast_head_json":{"title":"La sindaca Iva Rin\u010di\u0107 a capo del Comitato di coordinamento dell\u2019Agglomerazione urbana di Fiume - Citt\u00e0 di Fiume","robots":{"index":"index","follow":"follow","max-snippet":"max-snippet:-1","max-image-preview":"max-image-preview:large","max-video-preview":"max-video-preview:-1"},"canonical":"https:\/\/www.rijeka.hr\/it\/la-sindaca-iva-rincic-a-capo-del-comitato-di-coordinamento-dellagglomerazione-urbana-di-fiume\/","og_locale":"it_IT","og_type":"article","og_title":"La sindaca Iva Rin\u010di\u0107 a capo del Comitato di coordinamento dell\u2019Agglomerazione urbana di Fiume - Citt\u00e0 di Fiume","og_description":"Con la modifica della delibera di costituzione del Comitato di coordinamento dell\u2019Agglomerazione urbana di Fiume per il periodo finanziario 2021-2027, alla guida di questo organo \u00e8 stata nominata la nuova sindaca di Fiume, Iva Rin\u010di\u0107, mentre a suo vice \u00e8 stato nominato il vicesindaco Vedran Vivoda.","og_url":"https:\/\/www.rijeka.hr\/it\/la-sindaca-iva-rincic-a-capo-del-comitato-di-coordinamento-dellagglomerazione-urbana-di-fiume\/","og_site_name":"Citt\u00e0 di Fiume","article_published_time":"2025-07-02T09:33:31+00:00","article_modified_time":"2026-01-09T07:49:24+00:00","og_image":[{"width":900,"height":600,"url":"https:\/\/www.rijeka.hr\/it\/wp-content\/uploads\/sites\/3\/2025\/07\/Fiume-panorama.jpg","type":"image\/jpeg"}],"author":"Ivica Nikolac","twitter_card":"summary_large_image","twitter_misc":{"Written by":"Ivica Nikolac","Est. reading time":"2 minutes"},"schema":{"@context":"https:\/\/schema.org","@graph":[{"@type":"WebPage","@id":"https:\/\/www.rijeka.hr\/it\/la-sindaca-iva-rincic-a-capo-del-comitato-di-coordinamento-dellagglomerazione-urbana-di-fiume\/","url":"https:\/\/www.rijeka.hr\/it\/la-sindaca-iva-rincic-a-capo-del-comitato-di-coordinamento-dellagglomerazione-urbana-di-fiume\/","name":"La sindaca Iva Rin\u010di\u0107 a capo del Comitato di coordinamento dell\u2019Agglomerazione urbana di Fiume - Citt\u00e0 di Fiume","isPartOf":{"@id":"https:\/\/www.rijeka.hr\/it\/#website"},"primaryImageOfPage":{"@id":"https:\/\/www.rijeka.hr\/it\/la-sindaca-iva-rincic-a-capo-del-comitato-di-coordinamento-dellagglomerazione-urbana-di-fiume\/#primaryimage"},"image":{"@id":"https:\/\/www.rijeka.hr\/it\/la-sindaca-iva-rincic-a-capo-del-comitato-di-coordinamento-dellagglomerazione-urbana-di-fiume\/#primaryimage"},"thumbnailUrl":"https:\/\/www.rijeka.hr\/it\/wp-content\/uploads\/sites\/3\/2025\/07\/Fiume-panorama.jpg","datePublished":"2025-07-02T09:33:31+00:00","dateModified":"2026-01-09T07:49:24+00:00","author":{"@id":"https:\/\/www.rijeka.hr\/it\/#\/schema\/person\/048b064fa7891b19d16e03a382abb85e"},"breadcrumb":{"@id":"https:\/\/www.rijeka.hr\/it\/la-sindaca-iva-rincic-a-capo-del-comitato-di-coordinamento-dellagglomerazione-urbana-di-fiume\/#breadcrumb"},"inLanguage":"it-IT","potentialAction":[{"@type":"ReadAction","target":["https:\/\/www.rijeka.hr\/it\/la-sindaca-iva-rincic-a-capo-del-comitato-di-coordinamento-dellagglomerazione-urbana-di-fiume\/"]}]},{"@type":"ImageObject","inLanguage":"it-IT","@id":"https:\/\/www.rijeka.hr\/it\/la-sindaca-iva-rincic-a-capo-del-comitato-di-coordinamento-dellagglomerazione-urbana-di-fiume\/#primaryimage","url":"https:\/\/www.rijeka.hr\/it\/wp-content\/uploads\/sites\/3\/2025\/07\/Fiume-panorama.jpg","contentUrl":"https:\/\/www.rijeka.hr\/it\/wp-content\/uploads\/sites\/3\/2025\/07\/Fiume-panorama.jpg","width":900,"height":600,"caption":"Fiume panorama"},{"@type":"BreadcrumbList","@id":"https:\/\/www.rijeka.hr\/it\/la-sindaca-iva-rincic-a-capo-del-comitato-di-coordinamento-dellagglomerazione-urbana-di-fiume\/#breadcrumb","itemListElement":[{"@type":"ListItem","position":1,"name":"Po\u010detna stranica","item":"https:\/\/www.rijeka.hr\/it\/"},{"@type":"ListItem","position":2,"name":"La sindaca Iva Rin\u010di\u0107 a capo del Comitato di coordinamento dell\u2019Agglomerazione urbana di Fiume"}]},{"@type":"WebSite","@id":"https:\/\/www.rijeka.hr\/it\/#website","url":"https:\/\/www.rijeka.hr\/it\/","name":"Citt\u00e0 di Fiume","description":"Portale web della Citta&#039; di Fiume","potentialAction":[{"@type":"SearchAction","target":{"@type":"EntryPoint","urlTemplate":"https:\/\/www.rijeka.hr\/it\/?s={search_term_string}"},"query-input":{"@type":"PropertyValueSpecification","valueRequired":true,"valueName":"search_term_string"}}],"inLanguage":"it-IT"},{"@type":"Person","@id":"https:\/\/www.rijeka.hr\/it\/#\/schema\/person\/048b064fa7891b19d16e03a382abb85e","name":"Ivica Nikolac","image":{"@type":"ImageObject","inLanguage":"it-IT","@id":"https:\/\/www.rijeka.hr\/it\/#\/schema\/person\/image\/","url":"https:\/\/secure.gravatar.com\/avatar\/566d324e1656a1b494a0766b85643006?s=96&d=mm&r=g","contentUrl":"https:\/\/secure.gravatar.com\/avatar\/566d324e1656a1b494a0766b85643006?s=96&d=mm&r=g","caption":"Ivica Nikolac"},"url":"https:\/\/www.rijeka.hr\/it\/author\/inikolac\/"}]}},"_links":{"self":[{"href":"https:\/\/www.rijeka.hr\/it\/wp-json\/wp\/v2\/posts\/19542","targetHints":{"allow":["GET"]}}],"collection":[{"href":"https:\/\/www.rijeka.hr\/it\/wp-json\/wp\/v2\/posts"}],"about":[{"href":"https:\/\/www.rijeka.hr\/it\/wp-json\/wp\/v2\/types\/post"}],"author":[{"embeddable":true,"href":"https:\/\/www.rijeka.hr\/it\/wp-json\/wp\/v2\/users\/5"}],"replies":[{"embeddable":true,"href":"https:\/\/www.rijeka.hr\/it\/wp-json\/wp\/v2\/comments?post=19542"}],"version-history":[{"count":2,"href":"https:\/\/www.rijeka.hr\/it\/wp-json\/wp\/v2\/posts\/19542\/revisions"}],"predecessor-version":[{"id":19547,"href":"https:\/\/www.rijeka.hr\/it\/wp-json\/wp\/v2\/posts\/19542\/revisions\/19547"}],"wp:featuredmedia":[{"embeddable":true,"href":"https:\/\/www.rijeka.hr\/it\/wp-json\/wp\/v2\/media\/19546"}],"wp:attachment":[{"href":"https:\/\/www.rijeka.hr\/it\/wp-json\/wp\/v2\/media?parent=19542"}],"wp:term":[{"taxonomy":"category","embeddable":true,"href":"https:\/\/www.rijeka.hr\/it\/wp-json\/wp\/v2\/categories?post=19542"},{"taxonomy":"post_tag","embeddable":true,"href":"https:\/\/www.rijeka.hr\/it\/wp-json\/wp\/v2\/tags?post=19542"}],"curies":[{"name":"wp","href":"https:\/\/api.w.org\/{rel}","templated":true}]}}