{"id":19615,"date":"2025-06-26T16:48:44","date_gmt":"2025-06-26T14:48:44","guid":{"rendered":"https:\/\/www.rijeka.hr\/it\/?p=19615"},"modified":"2026-01-09T08:59:59","modified_gmt":"2026-01-09T07:59:59","slug":"il-consiglio-municipale-della-citta-di-fiume-non-si-insedia-la-nuova-seduta-sara-convocata-entro-30-giorni","status":"publish","type":"post","link":"https:\/\/www.rijeka.hr\/it\/il-consiglio-municipale-della-citta-di-fiume-non-si-insedia-la-nuova-seduta-sara-convocata-entro-30-giorni\/","title":{"rendered":"Il Consiglio municipale della Citt\u00e0 di Fiume non si insedia \u2013 la nuova seduta sar\u00e0 convocata entro 30 giorni"},"content":{"rendered":"<p>Alla seduta costitutiva del Consiglio municipale su proposta della coalizione Azione dei giovani, Unione del Quarnero &#8211; Unione, Centro, Partito croato dei pensionati \u2013 HSU, Focus, Alternativa 101 \u2013Alternativa (Akcija mladih, Unija Kvarnera \u2013 Unija, Centar, Hrvatska stranka umirovljenika \u2013 HSU, Fokus, Alternativa 101 \u2013 Alternativa), che alle elezioni ha ottenuto il maggior numero di mandati, a presidente del Consiglio municipale \u00e8 stato proposto Robert Kureli\u0107 di Azione dei giovani. Nel primo turno di voto Kureli\u0107 ha ricevuto il sostegno di 15 consiglieri, 4 erano i contrari e 12 consiglieri hanno votato astenuto.<\/p>\n<p>Le votazioni si sono ripetute dopo una sospensione dei lavori durata circa venti minuti e hanno avuto lo stesso esito.<\/p>\n<p>Prima di procedere con il secondo turno di voto si \u00e8 annunciato per un intervento Sr\u0111an Srdo\u010d (DDI\/IDS) che ha fatto notare una lacuna del regolamento che consente di ripetere la votazione per lo stesso candidato dopo la sospensione dei lavori.<\/p>\n<p><a href=\"https:\/\/www.rijeka.hr\/it\/wp-content\/uploads\/sites\/3\/2025\/07\/Le-votazioni-si-sono-ripetute-1.jpg\" data-rel=\"lightbox-image-0\" data-rl_title=\"\" data-rl_caption=\"\" title=\"\"><img loading=\"lazy\" decoding=\"async\" width=\"600\" height=\"380\" class=\"alignleft wp-image-19618 size-medium\" src=\"https:\/\/www.rijeka.hr\/it\/wp-content\/uploads\/sites\/3\/2025\/07\/Le-votazioni-si-sono-ripetute-1-600x380.jpg\" alt=\"Le votazioni si sono ripetute\" srcset=\"https:\/\/www.rijeka.hr\/it\/wp-content\/uploads\/sites\/3\/2025\/07\/Le-votazioni-si-sono-ripetute-1-600x380.jpg 600w, https:\/\/www.rijeka.hr\/it\/wp-content\/uploads\/sites\/3\/2025\/07\/Le-votazioni-si-sono-ripetute-1-768x486.jpg 768w, https:\/\/www.rijeka.hr\/it\/wp-content\/uploads\/sites\/3\/2025\/07\/Le-votazioni-si-sono-ripetute-1-948x600.jpg 948w, https:\/\/www.rijeka.hr\/it\/wp-content\/uploads\/sites\/3\/2025\/07\/Le-votazioni-si-sono-ripetute-1.jpg 1184w\" sizes=\"(max-width: 600px) 100vw, 600px\" \/><\/a><\/p>\n<p>\u201cSi tratta di una lacuna del regolamento alla quale va posto rimedio. Che cosa pu\u00f2 succedere in questa quindicina di minuti? Soltanto un negoziato politico o lo stesso esito\u201d, ha detto Srdo\u010d.<\/p>\n<p>Il consigliere Robert Sale\u010di\u0107 che presiedeva i lavori, a conclusione del secondo turno di voto, ha constatato che il presidente del Consiglio municipale non \u00e8 stato eletto e che entro 30 giorni sar\u00e0 convocata una nuova seduta.<\/p>\n<p>Nella prima parte della seduta a presidente della Commissione per i mandati sono stati eletti all\u2019unanimit\u00e0 Igor Vlajni\u0107 della coalizione Azione dei giovani, Unione del Quarnero &#8211; Unione, Centro, Partito croato dei pensionati \u2013 HSU, Focus, Alternativa 101 \u2013 Alternativa e a membri Ivana Prica Matija\u0161 (SDP, PGS, DDI\/IDS, Lista per Fiume, SDSS, HSS) e Marko Smojver (HDZ, HSLS, HDS, HNS).<\/p>\n<p>Vlajni\u0107 ha riferito che causa incompatibilit\u00e0, nel Consiglio cittadino a sostituire la sindaca Iva Rin\u010di\u0107 e i suoi vice Vedran Vivoda e Aleksandar-Sa\u0161a Milakovi\u0107 saranno Sanjin Matijevi\u0107 (AM), Anet Trope \u0106avar (AM) e Andro Aman\u010di\u0107 (Focus).<br \/>\nper motivi personali, hanno presentato richiesta di congelamento del mandato anche i consiglieri Boris Marinac, che sar\u00e0 sostituito da Damir Mikuli\u0107i\u0107 (HSU); Denis Vukorepa, al quale subentrer\u00e0 Marko Smojver (HDZ); \u017deljka Matkovi\u0107, che sar\u00e0 sostituita da Miljenko Kova\u010devi\u0107 (HDZ) e Marko Filipovi\u0107 al cui posto sieder\u00e0 in Consiglio Leonardo Matkovi\u0107 (Lista civica).<br \/>\nNel prosieguo della seduta hanno prestato giuramento solenne 31 consiglieri.<\/p>\n<p>Considerato che alle elezioni nel Consiglio municipale della Citt\u00e0 di Fiume non \u00e8 stata assicurata un\u2019adeguata rappresentanza degli appartenenti alla minoranza nazionale italiana saranno indette elezioni suppletive per il consigliere eletto dalle file degli appartenenti della minoranza nazionale italiana e il numero dei consiglieri nel Consiglio municipale aumenter\u00e0 di uno.<\/p>\n","protected":false},"excerpt":{"rendered":"<p>Non \u00e8 riuscito il primo tentativo di insediamento del Consiglio municipale della Citt\u00e0 di Fiume in questo mandato dato che in due turni di voto non \u00e8 stato eletto il presidente del Consiglio municipale. La nuova seduta sar\u00e0 convocata entro il termine di 30 giorni.<\/p>\n","protected":false},"author":5,"featured_media":19616,"comment_status":"open","ping_status":"open","sticky":false,"template":"","format":"standard","meta":{"_acf_changed":false,"_trash_the_other_posts":false,"footnotes":"","_links_to":"","_links_to_target":""},"categories":[400,2449,721],"tags":[2444],"class_list":["post-19615","post","type-post","status-publish","format-standard","has-post-thumbnail","hentry","category-consiglio-cittadino","category-consiglio-municipale","category-sedute","tag-consiglio-municipale"],"acf":[],"yoast_head":"<!-- This site is optimized with the Yoast SEO plugin v24.4 - https:\/\/yoast.com\/wordpress\/plugins\/seo\/ -->\n<title>Il Consiglio municipale della Citt\u00e0 di Fiume non si insedia \u2013 la nuova seduta sar\u00e0 convocata entro 30 giorni - Citt\u00e0 di Fiume<\/title>\n<meta name=\"robots\" content=\"index, follow, max-snippet:-1, max-image-preview:large, max-video-preview:-1\" \/>\n<link rel=\"canonical\" href=\"https:\/\/www.rijeka.hr\/it\/il-consiglio-municipale-della-citta-di-fiume-non-si-insedia-la-nuova-seduta-sara-convocata-entro-30-giorni\/\" \/>\n<meta property=\"og:locale\" content=\"it_IT\" \/>\n<meta property=\"og:type\" content=\"article\" \/>\n<meta property=\"og:title\" content=\"Il Consiglio municipale della Citt\u00e0 di Fiume non si insedia \u2013 la nuova seduta sar\u00e0 convocata entro 30 giorni - Citt\u00e0 di Fiume\" \/>\n<meta property=\"og:description\" content=\"Non \u00e8 riuscito il primo tentativo di insediamento del Consiglio municipale della Citt\u00e0 di Fiume in questo mandato dato che in due turni di voto non \u00e8 stato eletto il presidente del Consiglio municipale. La nuova seduta sar\u00e0 convocata entro il termine di 30 giorni.\" \/>\n<meta property=\"og:url\" content=\"https:\/\/www.rijeka.hr\/it\/il-consiglio-municipale-della-citta-di-fiume-non-si-insedia-la-nuova-seduta-sara-convocata-entro-30-giorni\/\" \/>\n<meta property=\"og:site_name\" content=\"Citt\u00e0 di Fiume\" \/>\n<meta property=\"article:published_time\" content=\"2025-06-26T14:48:44+00:00\" \/>\n<meta property=\"article:modified_time\" content=\"2026-01-09T07:59:59+00:00\" \/>\n<meta property=\"og:image\" content=\"https:\/\/www.rijeka.hr\/it\/wp-content\/uploads\/sites\/3\/2025\/07\/Le-votazioni-si-sono-ripetute.jpg\" \/>\n\t<meta property=\"og:image:width\" content=\"1184\" \/>\n\t<meta property=\"og:image:height\" content=\"749\" \/>\n\t<meta property=\"og:image:type\" content=\"image\/jpeg\" \/>\n<meta name=\"author\" content=\"Ivica Nikolac\" \/>\n<meta name=\"twitter:card\" content=\"summary_large_image\" \/>\n<meta name=\"twitter:label1\" content=\"Written by\" \/>\n\t<meta name=\"twitter:data1\" content=\"Ivica Nikolac\" \/>\n\t<meta name=\"twitter:label2\" content=\"Est. reading time\" \/>\n\t<meta name=\"twitter:data2\" content=\"3 minutes\" \/>\n<script type=\"application\/ld+json\" class=\"yoast-schema-graph\">{\"@context\":\"https:\/\/schema.org\",\"@graph\":[{\"@type\":\"WebPage\",\"@id\":\"https:\/\/www.rijeka.hr\/it\/il-consiglio-municipale-della-citta-di-fiume-non-si-insedia-la-nuova-seduta-sara-convocata-entro-30-giorni\/\",\"url\":\"https:\/\/www.rijeka.hr\/it\/il-consiglio-municipale-della-citta-di-fiume-non-si-insedia-la-nuova-seduta-sara-convocata-entro-30-giorni\/\",\"name\":\"Il Consiglio municipale della Citt\u00e0 di Fiume non si insedia \u2013 la nuova seduta sar\u00e0 convocata entro 30 giorni - Citt\u00e0 di Fiume\",\"isPartOf\":{\"@id\":\"https:\/\/www.rijeka.hr\/it\/#website\"},\"primaryImageOfPage\":{\"@id\":\"https:\/\/www.rijeka.hr\/it\/il-consiglio-municipale-della-citta-di-fiume-non-si-insedia-la-nuova-seduta-sara-convocata-entro-30-giorni\/#primaryimage\"},\"image\":{\"@id\":\"https:\/\/www.rijeka.hr\/it\/il-consiglio-municipale-della-citta-di-fiume-non-si-insedia-la-nuova-seduta-sara-convocata-entro-30-giorni\/#primaryimage\"},\"thumbnailUrl\":\"https:\/\/www.rijeka.hr\/it\/wp-content\/uploads\/sites\/3\/2025\/07\/Le-votazioni-si-sono-ripetute.jpg\",\"datePublished\":\"2025-06-26T14:48:44+00:00\",\"dateModified\":\"2026-01-09T07:59:59+00:00\",\"author\":{\"@id\":\"https:\/\/www.rijeka.hr\/it\/#\/schema\/person\/048b064fa7891b19d16e03a382abb85e\"},\"breadcrumb\":{\"@id\":\"https:\/\/www.rijeka.hr\/it\/il-consiglio-municipale-della-citta-di-fiume-non-si-insedia-la-nuova-seduta-sara-convocata-entro-30-giorni\/#breadcrumb\"},\"inLanguage\":\"it-IT\",\"potentialAction\":[{\"@type\":\"ReadAction\",\"target\":[\"https:\/\/www.rijeka.hr\/it\/il-consiglio-municipale-della-citta-di-fiume-non-si-insedia-la-nuova-seduta-sara-convocata-entro-30-giorni\/\"]}]},{\"@type\":\"ImageObject\",\"inLanguage\":\"it-IT\",\"@id\":\"https:\/\/www.rijeka.hr\/it\/il-consiglio-municipale-della-citta-di-fiume-non-si-insedia-la-nuova-seduta-sara-convocata-entro-30-giorni\/#primaryimage\",\"url\":\"https:\/\/www.rijeka.hr\/it\/wp-content\/uploads\/sites\/3\/2025\/07\/Le-votazioni-si-sono-ripetute.jpg\",\"contentUrl\":\"https:\/\/www.rijeka.hr\/it\/wp-content\/uploads\/sites\/3\/2025\/07\/Le-votazioni-si-sono-ripetute.jpg\",\"width\":1184,\"height\":749,\"caption\":\"Le votazioni si sono ripetute\"},{\"@type\":\"BreadcrumbList\",\"@id\":\"https:\/\/www.rijeka.hr\/it\/il-consiglio-municipale-della-citta-di-fiume-non-si-insedia-la-nuova-seduta-sara-convocata-entro-30-giorni\/#breadcrumb\",\"itemListElement\":[{\"@type\":\"ListItem\",\"position\":1,\"name\":\"Po\u010detna stranica\",\"item\":\"https:\/\/www.rijeka.hr\/it\/\"},{\"@type\":\"ListItem\",\"position\":2,\"name\":\"Il Consiglio municipale della Citt\u00e0 di Fiume non si insedia \u2013 la nuova seduta sar\u00e0 convocata entro 30 giorni\"}]},{\"@type\":\"WebSite\",\"@id\":\"https:\/\/www.rijeka.hr\/it\/#website\",\"url\":\"https:\/\/www.rijeka.hr\/it\/\",\"name\":\"Citt\u00e0 di Fiume\",\"description\":\"Portale web della Citta&#039; di Fiume\",\"potentialAction\":[{\"@type\":\"SearchAction\",\"target\":{\"@type\":\"EntryPoint\",\"urlTemplate\":\"https:\/\/www.rijeka.hr\/it\/?s={search_term_string}\"},\"query-input\":{\"@type\":\"PropertyValueSpecification\",\"valueRequired\":true,\"valueName\":\"search_term_string\"}}],\"inLanguage\":\"it-IT\"},{\"@type\":\"Person\",\"@id\":\"https:\/\/www.rijeka.hr\/it\/#\/schema\/person\/048b064fa7891b19d16e03a382abb85e\",\"name\":\"Ivica Nikolac\",\"image\":{\"@type\":\"ImageObject\",\"inLanguage\":\"it-IT\",\"@id\":\"https:\/\/www.rijeka.hr\/it\/#\/schema\/person\/image\/\",\"url\":\"https:\/\/secure.gravatar.com\/avatar\/566d324e1656a1b494a0766b85643006?s=96&d=mm&r=g\",\"contentUrl\":\"https:\/\/secure.gravatar.com\/avatar\/566d324e1656a1b494a0766b85643006?s=96&d=mm&r=g\",\"caption\":\"Ivica Nikolac\"},\"url\":\"https:\/\/www.rijeka.hr\/it\/author\/inikolac\/\"}]}<\/script>\n<!-- \/ Yoast SEO plugin. -->","yoast_head_json":{"title":"Il Consiglio municipale della Citt\u00e0 di Fiume non si insedia \u2013 la nuova seduta sar\u00e0 convocata entro 30 giorni - Citt\u00e0 di Fiume","robots":{"index":"index","follow":"follow","max-snippet":"max-snippet:-1","max-image-preview":"max-image-preview:large","max-video-preview":"max-video-preview:-1"},"canonical":"https:\/\/www.rijeka.hr\/it\/il-consiglio-municipale-della-citta-di-fiume-non-si-insedia-la-nuova-seduta-sara-convocata-entro-30-giorni\/","og_locale":"it_IT","og_type":"article","og_title":"Il Consiglio municipale della Citt\u00e0 di Fiume non si insedia \u2013 la nuova seduta sar\u00e0 convocata entro 30 giorni - Citt\u00e0 di Fiume","og_description":"Non \u00e8 riuscito il primo tentativo di insediamento del Consiglio municipale della Citt\u00e0 di Fiume in questo mandato dato che in due turni di voto non \u00e8 stato eletto il presidente del Consiglio municipale. La nuova seduta sar\u00e0 convocata entro il termine di 30 giorni.","og_url":"https:\/\/www.rijeka.hr\/it\/il-consiglio-municipale-della-citta-di-fiume-non-si-insedia-la-nuova-seduta-sara-convocata-entro-30-giorni\/","og_site_name":"Citt\u00e0 di Fiume","article_published_time":"2025-06-26T14:48:44+00:00","article_modified_time":"2026-01-09T07:59:59+00:00","og_image":[{"width":1184,"height":749,"url":"https:\/\/www.rijeka.hr\/it\/wp-content\/uploads\/sites\/3\/2025\/07\/Le-votazioni-si-sono-ripetute.jpg","type":"image\/jpeg"}],"author":"Ivica Nikolac","twitter_card":"summary_large_image","twitter_misc":{"Written by":"Ivica Nikolac","Est. reading time":"3 minutes"},"schema":{"@context":"https:\/\/schema.org","@graph":[{"@type":"WebPage","@id":"https:\/\/www.rijeka.hr\/it\/il-consiglio-municipale-della-citta-di-fiume-non-si-insedia-la-nuova-seduta-sara-convocata-entro-30-giorni\/","url":"https:\/\/www.rijeka.hr\/it\/il-consiglio-municipale-della-citta-di-fiume-non-si-insedia-la-nuova-seduta-sara-convocata-entro-30-giorni\/","name":"Il Consiglio municipale della Citt\u00e0 di Fiume non si insedia \u2013 la nuova seduta sar\u00e0 convocata entro 30 giorni - Citt\u00e0 di Fiume","isPartOf":{"@id":"https:\/\/www.rijeka.hr\/it\/#website"},"primaryImageOfPage":{"@id":"https:\/\/www.rijeka.hr\/it\/il-consiglio-municipale-della-citta-di-fiume-non-si-insedia-la-nuova-seduta-sara-convocata-entro-30-giorni\/#primaryimage"},"image":{"@id":"https:\/\/www.rijeka.hr\/it\/il-consiglio-municipale-della-citta-di-fiume-non-si-insedia-la-nuova-seduta-sara-convocata-entro-30-giorni\/#primaryimage"},"thumbnailUrl":"https:\/\/www.rijeka.hr\/it\/wp-content\/uploads\/sites\/3\/2025\/07\/Le-votazioni-si-sono-ripetute.jpg","datePublished":"2025-06-26T14:48:44+00:00","dateModified":"2026-01-09T07:59:59+00:00","author":{"@id":"https:\/\/www.rijeka.hr\/it\/#\/schema\/person\/048b064fa7891b19d16e03a382abb85e"},"breadcrumb":{"@id":"https:\/\/www.rijeka.hr\/it\/il-consiglio-municipale-della-citta-di-fiume-non-si-insedia-la-nuova-seduta-sara-convocata-entro-30-giorni\/#breadcrumb"},"inLanguage":"it-IT","potentialAction":[{"@type":"ReadAction","target":["https:\/\/www.rijeka.hr\/it\/il-consiglio-municipale-della-citta-di-fiume-non-si-insedia-la-nuova-seduta-sara-convocata-entro-30-giorni\/"]}]},{"@type":"ImageObject","inLanguage":"it-IT","@id":"https:\/\/www.rijeka.hr\/it\/il-consiglio-municipale-della-citta-di-fiume-non-si-insedia-la-nuova-seduta-sara-convocata-entro-30-giorni\/#primaryimage","url":"https:\/\/www.rijeka.hr\/it\/wp-content\/uploads\/sites\/3\/2025\/07\/Le-votazioni-si-sono-ripetute.jpg","contentUrl":"https:\/\/www.rijeka.hr\/it\/wp-content\/uploads\/sites\/3\/2025\/07\/Le-votazioni-si-sono-ripetute.jpg","width":1184,"height":749,"caption":"Le votazioni si sono ripetute"},{"@type":"BreadcrumbList","@id":"https:\/\/www.rijeka.hr\/it\/il-consiglio-municipale-della-citta-di-fiume-non-si-insedia-la-nuova-seduta-sara-convocata-entro-30-giorni\/#breadcrumb","itemListElement":[{"@type":"ListItem","position":1,"name":"Po\u010detna stranica","item":"https:\/\/www.rijeka.hr\/it\/"},{"@type":"ListItem","position":2,"name":"Il Consiglio municipale della Citt\u00e0 di Fiume non si insedia \u2013 la nuova seduta sar\u00e0 convocata entro 30 giorni"}]},{"@type":"WebSite","@id":"https:\/\/www.rijeka.hr\/it\/#website","url":"https:\/\/www.rijeka.hr\/it\/","name":"Citt\u00e0 di Fiume","description":"Portale web della Citta&#039; di Fiume","potentialAction":[{"@type":"SearchAction","target":{"@type":"EntryPoint","urlTemplate":"https:\/\/www.rijeka.hr\/it\/?s={search_term_string}"},"query-input":{"@type":"PropertyValueSpecification","valueRequired":true,"valueName":"search_term_string"}}],"inLanguage":"it-IT"},{"@type":"Person","@id":"https:\/\/www.rijeka.hr\/it\/#\/schema\/person\/048b064fa7891b19d16e03a382abb85e","name":"Ivica Nikolac","image":{"@type":"ImageObject","inLanguage":"it-IT","@id":"https:\/\/www.rijeka.hr\/it\/#\/schema\/person\/image\/","url":"https:\/\/secure.gravatar.com\/avatar\/566d324e1656a1b494a0766b85643006?s=96&d=mm&r=g","contentUrl":"https:\/\/secure.gravatar.com\/avatar\/566d324e1656a1b494a0766b85643006?s=96&d=mm&r=g","caption":"Ivica Nikolac"},"url":"https:\/\/www.rijeka.hr\/it\/author\/inikolac\/"}]}},"_links":{"self":[{"href":"https:\/\/www.rijeka.hr\/it\/wp-json\/wp\/v2\/posts\/19615","targetHints":{"allow":["GET"]}}],"collection":[{"href":"https:\/\/www.rijeka.hr\/it\/wp-json\/wp\/v2\/posts"}],"about":[{"href":"https:\/\/www.rijeka.hr\/it\/wp-json\/wp\/v2\/types\/post"}],"author":[{"embeddable":true,"href":"https:\/\/www.rijeka.hr\/it\/wp-json\/wp\/v2\/users\/5"}],"replies":[{"embeddable":true,"href":"https:\/\/www.rijeka.hr\/it\/wp-json\/wp\/v2\/comments?post=19615"}],"version-history":[{"count":2,"href":"https:\/\/www.rijeka.hr\/it\/wp-json\/wp\/v2\/posts\/19615\/revisions"}],"predecessor-version":[{"id":19619,"href":"https:\/\/www.rijeka.hr\/it\/wp-json\/wp\/v2\/posts\/19615\/revisions\/19619"}],"wp:featuredmedia":[{"embeddable":true,"href":"https:\/\/www.rijeka.hr\/it\/wp-json\/wp\/v2\/media\/19616"}],"wp:attachment":[{"href":"https:\/\/www.rijeka.hr\/it\/wp-json\/wp\/v2\/media?parent=19615"}],"wp:term":[{"taxonomy":"category","embeddable":true,"href":"https:\/\/www.rijeka.hr\/it\/wp-json\/wp\/v2\/categories?post=19615"},{"taxonomy":"post_tag","embeddable":true,"href":"https:\/\/www.rijeka.hr\/it\/wp-json\/wp\/v2\/tags?post=19615"}],"curies":[{"name":"wp","href":"https:\/\/api.w.org\/{rel}","templated":true}]}}