{"id":19620,"date":"2025-03-27T16:52:17","date_gmt":"2025-03-27T15:52:17","guid":{"rendered":"https:\/\/www.rijeka.hr\/it\/?p=19620"},"modified":"2025-07-29T12:55:55","modified_gmt":"2025-07-29T10:55:55","slug":"il-premio-citta-di-fiume-opera-omnia-va-a-zrinka-kolak-fabijan-e-a-ivo-usmiani","status":"publish","type":"post","link":"https:\/\/www.rijeka.hr\/it\/il-premio-citta-di-fiume-opera-omnia-va-a-zrinka-kolak-fabijan-e-a-ivo-usmiani\/","title":{"rendered":"Il Premio Citt\u00e0 di Fiume \u2013 Opera omnia va a Zrinka Kolak Fabijan e a Ivo Usmiani"},"content":{"rendered":"<p>I vincitori del Premio Citt\u00e0 di Fiume Opera omnia per il 2025 sono Zrinka Kolak Fabijan per essersi dedicata per tutta la vita a contribuire e a innalzare il livello dell\u2019arte teatrale e della creativit\u00e0 della Citt\u00e0 di Fiume e Ivo Usmiani, mr. pharm. per lo slancio e prestigio che ha assicurato alla Citt\u00e0 di Fiume nei settori delle scienze e dell\u2019imprenditoria.<\/p>\n<p>La visione artistica di Zrinka Kolak Fabijan \u00e8 onnicomprensiva e variegata.\u00a0Come si legge nella motivazione, lungo tutto il suo percorso creativo l\u2019artista drammatica Zrinka Kolak Fabijan ha interpretato con grande successo personaggi comici, grotteschi e drammatici e ha dato vita, nel corso della sua ricca carriera, a un centinaio di personaggi. Lo testimoniano i numerosi premi della critica e del pubblico tra i quali vanno citati il Premio del teatro croato per il miglior ruolo femminile nello spettacolo Velika Tilda (Grande Tilda), che le \u00e8 stato conferito nel 2000.<\/p>\n<p>Nel suo ruolo di membro del Consiglio teatrale e del Consiglio direttivo della Societ\u00e0 croata degli artisti drammatici contribuisce allo sviluppo dell\u2019arte teatrale e drammatica. Sotto l\u2019aspetto organizzativo e manageriale si \u00e8 dimostrata essere un\u2019eccelente direttrice. I dodici anni nei quali ha diretto il Teatro cittadino dei burattini di Fiume rimangono iscritti a lettere d\u2019oro nelle cronache teatrali della Citt\u00e0 di Fiume e della Repubblica di Croazia, lo confermano i numerosi premi individuali e collettivi ottenuti. Il suo dedito lavoro all\u2019Accademia di Arti applicate a Fiume e l\u2019amore per l\u2019insegnamento sono fondamentali per la formazione di nuove generazioni di artisti teatrali a Fiume.<\/p>\n<p>A Ivo Usmiani vanno riconosciuti grandi meriti per lo slancio e il prestigio che ha assicurato alla Citt\u00e0 di Fiume e che hanno segnato l\u2019inizio di una nuova era nei settori imprenditoriale, scientifico e culturale.\u00a0Nel corso della sua carriera lunga cinque decenni Ivo Usmiani, mr. pharm. ha saputo, attraverso il suo appassionato lavoro, il suo sapere e la sua dedizione dare un contributo significativo al rafforzamento dell\u2019imprenditoria facendo della societ\u00e0 farmaceutica con sede a Fiume JGL la societ\u00e0 nazionale di maggior successo, affermando cos\u00ec la farmaceutica e la produzione di medicinali come parte dell\u2019identit\u00e0 sanitaria, scientifica, imprenditoriale e culturale di Fiume.<\/p>\n<p>Attraverso la collaborazione d\u2019affari e scientifica con l\u2019Universit\u00e0 di Fiume ha migliorato in modo significativo la qualit\u00e0 dell\u2019insegnamento e ha reso possibile lo sviluppo degli studi di biotecnologie e farmacia, il che ha consentito all\u2019Universit\u00e0 di fare un passo avanti a livello internazionale nel campo scientifico della biomedicina e della sanit\u00e0. Oltre a tutto questo, nel 2020 ha donato ai fiumani e a tutti i visitatori un importante contenuto culturale ed educativo inaugurando il Museo della farmacia attraverso il quale ha istituzionalizzato la missione che ha contraddistinto gran parte della sua carriera: affermare la farmaceutica e la produzione di medicinali come parte dell\u2019identit\u00e0 sanitaria, accademica e culturale.<\/p>\n<h3>Cittadini e associazioni meritevoli \u2013 vincitori delle Targhe d\u2019oro e dei Premi annuali<\/h3>\n<p><a href=\"https:\/\/www.rijeka.hr\/it\/wp-content\/uploads\/sites\/3\/2025\/07\/Il-Consiglio-municipale-della-Citta-di-Fiume-2.jpg\" data-rel=\"lightbox-image-0\" data-rl_title=\"\" data-rl_caption=\"\" title=\"\"><img loading=\"lazy\" decoding=\"async\" width=\"600\" height=\"400\" class=\"alignright wp-image-19622 size-medium\" src=\"https:\/\/www.rijeka.hr\/it\/wp-content\/uploads\/sites\/3\/2025\/07\/Il-Consiglio-municipale-della-Citta-di-Fiume-2-600x400.jpg\" alt=\"Il Consiglio municipale della Citt\u00e0 di Fiume \" srcset=\"https:\/\/www.rijeka.hr\/it\/wp-content\/uploads\/sites\/3\/2025\/07\/Il-Consiglio-municipale-della-Citta-di-Fiume-2-600x400.jpg 600w, https:\/\/www.rijeka.hr\/it\/wp-content\/uploads\/sites\/3\/2025\/07\/Il-Consiglio-municipale-della-Citta-di-Fiume-2-1200x800.jpg 1200w, https:\/\/www.rijeka.hr\/it\/wp-content\/uploads\/sites\/3\/2025\/07\/Il-Consiglio-municipale-della-Citta-di-Fiume-2-768x512.jpg 768w, https:\/\/www.rijeka.hr\/it\/wp-content\/uploads\/sites\/3\/2025\/07\/Il-Consiglio-municipale-della-Citta-di-Fiume-2-1536x1023.jpg 1536w, https:\/\/www.rijeka.hr\/it\/wp-content\/uploads\/sites\/3\/2025\/07\/Il-Consiglio-municipale-della-Citta-di-Fiume-2-901x600.jpg 901w, https:\/\/www.rijeka.hr\/it\/wp-content\/uploads\/sites\/3\/2025\/07\/Il-Consiglio-municipale-della-Citta-di-Fiume-2.jpg 1600w\" sizes=\"(max-width: 600px) 100vw, 600px\" \/><\/a>Ai sensi della decisione del Consiglio municipale la Targa d\u2019oro \u201cStemma della Citt\u00e0 di Fiume\u201d \u00e8 stata assegnata al Fotoclub Color per la pluriennale attivit\u00e0 riconosciuta a livello internazionale dedicata alla promozione della cultura e dell\u2019attivit\u00e0 fotografica; a Vi\u0161nja Vi\u0161nji\u0107 Karkovi\u0107 per l\u2019eccelente e insostituibile contributo al Festival internazionale delle piccole scene e allo sviluppo della cultura fiumana; a Veljko Karabai\u0107 per i pluriennali straordinari successi conseguiti nel settore dello sport e per il contributo al prestigio sportivo della Citt\u00e0 di Fiume; a Ivan Buneta (postumo) per lo straordinario contributo nel settore culturale, alla tutela del patrimonio culturale e dell\u2019istruzione; a Svetomir Popovi\u0107 \u2013 Ceco per 40 anni di attivit\u00e0 artistica e per il contributo dato al mantenimento e allo sviluppo dei canti delle klape e alla prof. dr. sc. Jasna Krstovi\u0107 per la costante promozione della professione delle educatrici e delle insegnanti, per l\u2019impegno profuso nell\u2019insegnamento e nella scienza e per il contributo dato all&#8217;innalzamento del livello di benessere della societ\u00e0.<\/p>\n<p>Il Premio annuale della Citt\u00e0 di Fiume \u00e8 stato assegnato a Luka U\u0161alj per lo straordinario contributo alla promozione della cultura tecnica e allo sviluppo del modellismo navale nella Citt\u00e0 di Fiume, a Josip Vrli\u0107 per il contributo e i risultati in settori dello sport di particolare interesse per la Citt\u00e0 di Fiume, ad Aleksandar Tomuli\u0107 per i successi straordinari nel settore della fotografia e delle esposizioni fotografiche e per lo straordinario contributo dato alla promozione della fotografia fiumana e croata, alla prof. ass. dr. sc. Nina Pereza, dr. med. per il contributo allo sviluppo e alla promozione dell\u2019alta formazione nel settore della formazione medica e a Igor Bezinovi\u0107 per gli eccellenti risultati culturali e la promozione della Citt\u00e0 di Fiume attraverso l\u2019arte cinematografica.<\/p>\n<p>Ai vincitori dei Premi i riconoscimenti pubblici saranno consegnati nel corso dell\u2019accademia solenne che si svolger\u00e0 nell\u2019ambito delle celebrazioni della Giornata della Citt\u00e0 di Fiume.<\/p>\n<p>Il Consiglio municipale non ha approvato le decisioni sulla stesura di modifiche e integrazioni del Piano urbanistico generale e del Piano regolatore della Citt\u00e0 di Fiume n\u00e9 i due emendamenti della piattaforma Mo\u017eemo! inerenti alle proposte di queste decisioni. Le proposte di decisione sono state presentare dalla responsabile del Dipartimento per l\u2019urbanistica, l\u2019assetto territoriale e l\u2019edilizia, Ljiljana Buljan. Il sindaco di Fiume Marko Filipovi\u0107 ha chiarito che le decisioni proposte non sono state modificate rispetto a quelle gi\u00e0 presentare e successivamente da lui, in veste di proponente, ritirate dall\u2019ordine del giorno delle due precedenti sedute del Consiglio municipale tenutesi nel dicembre del 2024 e nel febbraio 2025.<\/p>\n<p>\u201cConsiderato che i consiglieri non disponevano di sufficienti informazioni\u00a0ho ritirato il punto dall\u2019ordine del giorno per la seconda volta. Svolte le consultazioni con tutti i presidenti dei gruppi consiliari ho ritenuto che in linea di principio \u00e8 stato raggiunto il consenso. Si tratta di modifiche tecniche inerenti alla definizione dell\u2019area del futuro marina Fiume dell\u2019ACI, della creazione delle condizioni affich\u00e9 in via Ru\u017ei\u0107, nelle immediate vicinanze del nuovo incubatore fiumano Sinergana, venga allestito lo spazio per il Politecnico di Fiume e si renda possibile l\u2019implementazione del risultato finale delle consultazioni circolari sulla futura destinazione dell\u2019area dell\u2019ex ospedale infantile di Costabella, nonch\u00e9\u00a0alla disamina della futura destinazione degli spazi dell\u2019ex complesso dell\u2019Istravino a Ve\u017eica superiore\u201c, ha detto\u00a0Filipovi\u0107.<\/p>\n<p>Il gruppo consiliare dell\u2019SDP ha evidenziato di ritenere che sarebbe opportuno lasciare che a decidere a riguardo siano i consiglieri eletti nel Consiglio municipale nel nuovo mandato. Il gruppo consiliare del PGS ha rilevato che su decisioni cos\u00ec importanti va raggiunto il consenso tra i consiglieri. Il consigliere Neboj\u0161a Zeli\u010d (Mo\u017eemo!) ha sottolineato che la piattaforma sostiene tutte le proposte, eccetto quelle riguardanti gli spazi dell\u2019ex Istravino.<\/p>\n<p>Rispondendo alle osservazioni dei consiglieri il sindaco Filipovi\u0107 ha evidenziato che gli imprenditori interessati si sono rivolti alla Citt\u00e0 di Fiume presentando, ai sensi della legge, la legittima richiesta di procedere con le modifiche della documentazione di pianificazione dell\u2019assetto del territorio per gli spazi dell\u2019ex Istravino. Ha inoltre sottolineato di ritenere che c\u2019era tempo a sufficienza per discutere le proposte in parola anche prima dell\u2019ultima seduta del Consiglio municipale considerato che il dibattito pubblico sul tema va avanti da sei mesi.<\/p>\n<h3>Ripartiti alle scuole i mezzi statali decentrati<\/h3>\n<p>Il Consiglio municipale ha approvato le Decisioni sui criteri, gli standard e le modalit\u00e0 di finanziamento delle funzioni decentrate dell\u2019istruzione elementare della Citt\u00e0 di Fiume nel 2025. Con il decreto del Governo della Repubblica di Croazia alla Citt\u00e0 di Fiume sono stati assegnati per il 2025 diritti di bilancio nell\u2019importo complessivo di 2.616.064,00 euro, ovvero 90.953,00 euro in pi\u00f9 rispetto al piano per l\u2019anno scorso. I mezzi si ripartiscono per le uscite materiali e finanziarie nonch\u00e9 per le spese di manutenzione ordinaria e d\u2019investimento delle scuole elementari e per l\u2019acquisto di beni di lunga durata (attrezzature) necessari per l\u2019attuazione delle misure di sicurezza.<\/p>\n<p>Il Consiglio municipale ha approvato il Piano dettagliato di ripartizione dei mezzi finanziari nell\u2019ambito del Programma delle necessit\u00e0 pubbliche nel settore della cultura tecnica della Citt\u00e0 di Fiume per il 2025 nel rispetto degli esiti dell\u2019invito pubblico.<\/p>\n<p>Il consigliere Aleksandar Sa\u0161a Milakovi\u0107 (Most) ha rassegnato le dimissioni e il partito politico Most ha indicato a suo sostituro Alen Jakopli\u0107, che ha prestato giuramento nel corso della seduta odierna.<\/p>\n<p>Questa \u00e8 stata l\u2019ultima seduta del Consiglio municipale nel mandato 2021-2025 considerato che a maggio si svolgeranno le elezioni amministrative alle quali si voter\u00e0 per eleggere i nuovi consiglieri del Consiglio municipale.<\/p>\n","protected":false},"excerpt":{"rendered":"<p>Il Consiglio municipale ha approvato la decisione sui vincitori dei premi Citt\u00e0 di Fiume per il 2025, assegnando il premio Opera omnia a Zrinka Kolak Fabijan e a Ivo Usmiani.<\/p>\n","protected":false},"author":5,"featured_media":19621,"comment_status":"open","ping_status":"open","sticky":false,"template":"","format":"standard","meta":{"_acf_changed":false,"_trash_the_other_posts":false,"footnotes":"","_links_to":"","_links_to_target":""},"categories":[400,721],"tags":[222],"class_list":["post-19620","post","type-post","status-publish","format-standard","has-post-thumbnail","hentry","category-consiglio-cittadino","category-sedute","tag-consiglio-cittadino"],"acf":[],"yoast_head":"<!-- This site is optimized with the Yoast SEO plugin v24.4 - https:\/\/yoast.com\/wordpress\/plugins\/seo\/ -->\n<title>Il Premio Citt\u00e0 di Fiume \u2013 Opera omnia va a Zrinka Kolak Fabijan e a Ivo Usmiani - Citt\u00e0 di Fiume<\/title>\n<meta name=\"robots\" content=\"index, follow, max-snippet:-1, max-image-preview:large, max-video-preview:-1\" \/>\n<link rel=\"canonical\" href=\"https:\/\/www.rijeka.hr\/it\/il-premio-citta-di-fiume-opera-omnia-va-a-zrinka-kolak-fabijan-e-a-ivo-usmiani\/\" \/>\n<meta property=\"og:locale\" content=\"it_IT\" \/>\n<meta property=\"og:type\" content=\"article\" \/>\n<meta property=\"og:title\" content=\"Il Premio Citt\u00e0 di Fiume \u2013 Opera omnia va a Zrinka Kolak Fabijan e a Ivo Usmiani - Citt\u00e0 di Fiume\" \/>\n<meta property=\"og:description\" content=\"Il Consiglio municipale ha approvato la decisione sui vincitori dei premi Citt\u00e0 di Fiume per il 2025, assegnando il premio Opera omnia a Zrinka Kolak Fabijan e a Ivo Usmiani.\" \/>\n<meta property=\"og:url\" content=\"https:\/\/www.rijeka.hr\/it\/il-premio-citta-di-fiume-opera-omnia-va-a-zrinka-kolak-fabijan-e-a-ivo-usmiani\/\" \/>\n<meta property=\"og:site_name\" content=\"Citt\u00e0 di Fiume\" \/>\n<meta property=\"article:published_time\" content=\"2025-03-27T15:52:17+00:00\" \/>\n<meta property=\"article:modified_time\" content=\"2025-07-29T10:55:55+00:00\" \/>\n<meta property=\"og:image\" content=\"https:\/\/www.rijeka.hr\/it\/wp-content\/uploads\/sites\/3\/2025\/07\/Consiglio-municipale.jpg\" \/>\n\t<meta property=\"og:image:width\" content=\"900\" \/>\n\t<meta property=\"og:image:height\" content=\"600\" \/>\n\t<meta property=\"og:image:type\" content=\"image\/jpeg\" \/>\n<meta name=\"author\" content=\"Ivica Nikolac\" \/>\n<meta name=\"twitter:card\" content=\"summary_large_image\" \/>\n<meta name=\"twitter:label1\" content=\"Written by\" \/>\n\t<meta name=\"twitter:data1\" content=\"Ivica Nikolac\" \/>\n\t<meta name=\"twitter:label2\" content=\"Est. reading time\" \/>\n\t<meta name=\"twitter:data2\" content=\"8 minutes\" \/>\n<script type=\"application\/ld+json\" class=\"yoast-schema-graph\">{\"@context\":\"https:\/\/schema.org\",\"@graph\":[{\"@type\":\"WebPage\",\"@id\":\"https:\/\/www.rijeka.hr\/it\/il-premio-citta-di-fiume-opera-omnia-va-a-zrinka-kolak-fabijan-e-a-ivo-usmiani\/\",\"url\":\"https:\/\/www.rijeka.hr\/it\/il-premio-citta-di-fiume-opera-omnia-va-a-zrinka-kolak-fabijan-e-a-ivo-usmiani\/\",\"name\":\"Il Premio Citt\u00e0 di Fiume \u2013 Opera omnia va a Zrinka Kolak Fabijan e a Ivo Usmiani - Citt\u00e0 di Fiume\",\"isPartOf\":{\"@id\":\"https:\/\/www.rijeka.hr\/it\/#website\"},\"primaryImageOfPage\":{\"@id\":\"https:\/\/www.rijeka.hr\/it\/il-premio-citta-di-fiume-opera-omnia-va-a-zrinka-kolak-fabijan-e-a-ivo-usmiani\/#primaryimage\"},\"image\":{\"@id\":\"https:\/\/www.rijeka.hr\/it\/il-premio-citta-di-fiume-opera-omnia-va-a-zrinka-kolak-fabijan-e-a-ivo-usmiani\/#primaryimage\"},\"thumbnailUrl\":\"https:\/\/www.rijeka.hr\/it\/wp-content\/uploads\/sites\/3\/2025\/07\/Consiglio-municipale.jpg\",\"datePublished\":\"2025-03-27T15:52:17+00:00\",\"dateModified\":\"2025-07-29T10:55:55+00:00\",\"author\":{\"@id\":\"https:\/\/www.rijeka.hr\/it\/#\/schema\/person\/048b064fa7891b19d16e03a382abb85e\"},\"breadcrumb\":{\"@id\":\"https:\/\/www.rijeka.hr\/it\/il-premio-citta-di-fiume-opera-omnia-va-a-zrinka-kolak-fabijan-e-a-ivo-usmiani\/#breadcrumb\"},\"inLanguage\":\"it-IT\",\"potentialAction\":[{\"@type\":\"ReadAction\",\"target\":[\"https:\/\/www.rijeka.hr\/it\/il-premio-citta-di-fiume-opera-omnia-va-a-zrinka-kolak-fabijan-e-a-ivo-usmiani\/\"]}]},{\"@type\":\"ImageObject\",\"inLanguage\":\"it-IT\",\"@id\":\"https:\/\/www.rijeka.hr\/it\/il-premio-citta-di-fiume-opera-omnia-va-a-zrinka-kolak-fabijan-e-a-ivo-usmiani\/#primaryimage\",\"url\":\"https:\/\/www.rijeka.hr\/it\/wp-content\/uploads\/sites\/3\/2025\/07\/Consiglio-municipale.jpg\",\"contentUrl\":\"https:\/\/www.rijeka.hr\/it\/wp-content\/uploads\/sites\/3\/2025\/07\/Consiglio-municipale.jpg\",\"width\":900,\"height\":600,\"caption\":\"Consiglio municipale\"},{\"@type\":\"BreadcrumbList\",\"@id\":\"https:\/\/www.rijeka.hr\/it\/il-premio-citta-di-fiume-opera-omnia-va-a-zrinka-kolak-fabijan-e-a-ivo-usmiani\/#breadcrumb\",\"itemListElement\":[{\"@type\":\"ListItem\",\"position\":1,\"name\":\"Po\u010detna stranica\",\"item\":\"https:\/\/www.rijeka.hr\/it\/\"},{\"@type\":\"ListItem\",\"position\":2,\"name\":\"Il Premio Citt\u00e0 di Fiume \u2013 Opera omnia va a Zrinka Kolak Fabijan e a Ivo Usmiani\"}]},{\"@type\":\"WebSite\",\"@id\":\"https:\/\/www.rijeka.hr\/it\/#website\",\"url\":\"https:\/\/www.rijeka.hr\/it\/\",\"name\":\"Citt\u00e0 di Fiume\",\"description\":\"Portale web della Citta&#039; di Fiume\",\"potentialAction\":[{\"@type\":\"SearchAction\",\"target\":{\"@type\":\"EntryPoint\",\"urlTemplate\":\"https:\/\/www.rijeka.hr\/it\/?s={search_term_string}\"},\"query-input\":{\"@type\":\"PropertyValueSpecification\",\"valueRequired\":true,\"valueName\":\"search_term_string\"}}],\"inLanguage\":\"it-IT\"},{\"@type\":\"Person\",\"@id\":\"https:\/\/www.rijeka.hr\/it\/#\/schema\/person\/048b064fa7891b19d16e03a382abb85e\",\"name\":\"Ivica Nikolac\",\"image\":{\"@type\":\"ImageObject\",\"inLanguage\":\"it-IT\",\"@id\":\"https:\/\/www.rijeka.hr\/it\/#\/schema\/person\/image\/\",\"url\":\"https:\/\/secure.gravatar.com\/avatar\/566d324e1656a1b494a0766b85643006?s=96&d=mm&r=g\",\"contentUrl\":\"https:\/\/secure.gravatar.com\/avatar\/566d324e1656a1b494a0766b85643006?s=96&d=mm&r=g\",\"caption\":\"Ivica Nikolac\"},\"url\":\"https:\/\/www.rijeka.hr\/it\/author\/inikolac\/\"}]}<\/script>\n<!-- \/ Yoast SEO plugin. -->","yoast_head_json":{"title":"Il Premio Citt\u00e0 di Fiume \u2013 Opera omnia va a Zrinka Kolak Fabijan e a Ivo Usmiani - Citt\u00e0 di Fiume","robots":{"index":"index","follow":"follow","max-snippet":"max-snippet:-1","max-image-preview":"max-image-preview:large","max-video-preview":"max-video-preview:-1"},"canonical":"https:\/\/www.rijeka.hr\/it\/il-premio-citta-di-fiume-opera-omnia-va-a-zrinka-kolak-fabijan-e-a-ivo-usmiani\/","og_locale":"it_IT","og_type":"article","og_title":"Il Premio Citt\u00e0 di Fiume \u2013 Opera omnia va a Zrinka Kolak Fabijan e a Ivo Usmiani - Citt\u00e0 di Fiume","og_description":"Il Consiglio municipale ha approvato la decisione sui vincitori dei premi Citt\u00e0 di Fiume per il 2025, assegnando il premio Opera omnia a Zrinka Kolak Fabijan e a Ivo Usmiani.","og_url":"https:\/\/www.rijeka.hr\/it\/il-premio-citta-di-fiume-opera-omnia-va-a-zrinka-kolak-fabijan-e-a-ivo-usmiani\/","og_site_name":"Citt\u00e0 di Fiume","article_published_time":"2025-03-27T15:52:17+00:00","article_modified_time":"2025-07-29T10:55:55+00:00","og_image":[{"width":900,"height":600,"url":"https:\/\/www.rijeka.hr\/it\/wp-content\/uploads\/sites\/3\/2025\/07\/Consiglio-municipale.jpg","type":"image\/jpeg"}],"author":"Ivica Nikolac","twitter_card":"summary_large_image","twitter_misc":{"Written by":"Ivica Nikolac","Est. reading time":"8 minutes"},"schema":{"@context":"https:\/\/schema.org","@graph":[{"@type":"WebPage","@id":"https:\/\/www.rijeka.hr\/it\/il-premio-citta-di-fiume-opera-omnia-va-a-zrinka-kolak-fabijan-e-a-ivo-usmiani\/","url":"https:\/\/www.rijeka.hr\/it\/il-premio-citta-di-fiume-opera-omnia-va-a-zrinka-kolak-fabijan-e-a-ivo-usmiani\/","name":"Il Premio Citt\u00e0 di Fiume \u2013 Opera omnia va a Zrinka Kolak Fabijan e a Ivo Usmiani - Citt\u00e0 di Fiume","isPartOf":{"@id":"https:\/\/www.rijeka.hr\/it\/#website"},"primaryImageOfPage":{"@id":"https:\/\/www.rijeka.hr\/it\/il-premio-citta-di-fiume-opera-omnia-va-a-zrinka-kolak-fabijan-e-a-ivo-usmiani\/#primaryimage"},"image":{"@id":"https:\/\/www.rijeka.hr\/it\/il-premio-citta-di-fiume-opera-omnia-va-a-zrinka-kolak-fabijan-e-a-ivo-usmiani\/#primaryimage"},"thumbnailUrl":"https:\/\/www.rijeka.hr\/it\/wp-content\/uploads\/sites\/3\/2025\/07\/Consiglio-municipale.jpg","datePublished":"2025-03-27T15:52:17+00:00","dateModified":"2025-07-29T10:55:55+00:00","author":{"@id":"https:\/\/www.rijeka.hr\/it\/#\/schema\/person\/048b064fa7891b19d16e03a382abb85e"},"breadcrumb":{"@id":"https:\/\/www.rijeka.hr\/it\/il-premio-citta-di-fiume-opera-omnia-va-a-zrinka-kolak-fabijan-e-a-ivo-usmiani\/#breadcrumb"},"inLanguage":"it-IT","potentialAction":[{"@type":"ReadAction","target":["https:\/\/www.rijeka.hr\/it\/il-premio-citta-di-fiume-opera-omnia-va-a-zrinka-kolak-fabijan-e-a-ivo-usmiani\/"]}]},{"@type":"ImageObject","inLanguage":"it-IT","@id":"https:\/\/www.rijeka.hr\/it\/il-premio-citta-di-fiume-opera-omnia-va-a-zrinka-kolak-fabijan-e-a-ivo-usmiani\/#primaryimage","url":"https:\/\/www.rijeka.hr\/it\/wp-content\/uploads\/sites\/3\/2025\/07\/Consiglio-municipale.jpg","contentUrl":"https:\/\/www.rijeka.hr\/it\/wp-content\/uploads\/sites\/3\/2025\/07\/Consiglio-municipale.jpg","width":900,"height":600,"caption":"Consiglio municipale"},{"@type":"BreadcrumbList","@id":"https:\/\/www.rijeka.hr\/it\/il-premio-citta-di-fiume-opera-omnia-va-a-zrinka-kolak-fabijan-e-a-ivo-usmiani\/#breadcrumb","itemListElement":[{"@type":"ListItem","position":1,"name":"Po\u010detna stranica","item":"https:\/\/www.rijeka.hr\/it\/"},{"@type":"ListItem","position":2,"name":"Il Premio Citt\u00e0 di Fiume \u2013 Opera omnia va a Zrinka Kolak Fabijan e a Ivo Usmiani"}]},{"@type":"WebSite","@id":"https:\/\/www.rijeka.hr\/it\/#website","url":"https:\/\/www.rijeka.hr\/it\/","name":"Citt\u00e0 di Fiume","description":"Portale web della Citta&#039; di Fiume","potentialAction":[{"@type":"SearchAction","target":{"@type":"EntryPoint","urlTemplate":"https:\/\/www.rijeka.hr\/it\/?s={search_term_string}"},"query-input":{"@type":"PropertyValueSpecification","valueRequired":true,"valueName":"search_term_string"}}],"inLanguage":"it-IT"},{"@type":"Person","@id":"https:\/\/www.rijeka.hr\/it\/#\/schema\/person\/048b064fa7891b19d16e03a382abb85e","name":"Ivica Nikolac","image":{"@type":"ImageObject","inLanguage":"it-IT","@id":"https:\/\/www.rijeka.hr\/it\/#\/schema\/person\/image\/","url":"https:\/\/secure.gravatar.com\/avatar\/566d324e1656a1b494a0766b85643006?s=96&d=mm&r=g","contentUrl":"https:\/\/secure.gravatar.com\/avatar\/566d324e1656a1b494a0766b85643006?s=96&d=mm&r=g","caption":"Ivica Nikolac"},"url":"https:\/\/www.rijeka.hr\/it\/author\/inikolac\/"}]}},"_links":{"self":[{"href":"https:\/\/www.rijeka.hr\/it\/wp-json\/wp\/v2\/posts\/19620","targetHints":{"allow":["GET"]}}],"collection":[{"href":"https:\/\/www.rijeka.hr\/it\/wp-json\/wp\/v2\/posts"}],"about":[{"href":"https:\/\/www.rijeka.hr\/it\/wp-json\/wp\/v2\/types\/post"}],"author":[{"embeddable":true,"href":"https:\/\/www.rijeka.hr\/it\/wp-json\/wp\/v2\/users\/5"}],"replies":[{"embeddable":true,"href":"https:\/\/www.rijeka.hr\/it\/wp-json\/wp\/v2\/comments?post=19620"}],"version-history":[{"count":1,"href":"https:\/\/www.rijeka.hr\/it\/wp-json\/wp\/v2\/posts\/19620\/revisions"}],"predecessor-version":[{"id":19623,"href":"https:\/\/www.rijeka.hr\/it\/wp-json\/wp\/v2\/posts\/19620\/revisions\/19623"}],"wp:featuredmedia":[{"embeddable":true,"href":"https:\/\/www.rijeka.hr\/it\/wp-json\/wp\/v2\/media\/19621"}],"wp:attachment":[{"href":"https:\/\/www.rijeka.hr\/it\/wp-json\/wp\/v2\/media?parent=19620"}],"wp:term":[{"taxonomy":"category","embeddable":true,"href":"https:\/\/www.rijeka.hr\/it\/wp-json\/wp\/v2\/categories?post=19620"},{"taxonomy":"post_tag","embeddable":true,"href":"https:\/\/www.rijeka.hr\/it\/wp-json\/wp\/v2\/tags?post=19620"}],"curies":[{"name":"wp","href":"https:\/\/api.w.org\/{rel}","templated":true}]}}