{"id":19939,"date":"2025-10-22T14:53:12","date_gmt":"2025-10-22T12:53:12","guid":{"rendered":"https:\/\/www.rijeka.hr\/it\/?p=19939"},"modified":"2025-10-24T14:29:31","modified_gmt":"2025-10-24T12:29:31","slug":"collegio-della-sindaca-sui-resoconti-degli-enti-culturali-per-il-2024","status":"publish","type":"post","link":"https:\/\/www.rijeka.hr\/it\/collegio-della-sindaca-sui-resoconti-degli-enti-culturali-per-il-2024\/","title":{"rendered":"Collegio della sindaca sui resoconti degli enti culturali per il 2024"},"content":{"rendered":"<p>La sindaca Iva Rin\u010di\u0107 ha trasmesso al Consiglio municipale i resoconti sull\u2019attivit\u00e0 degli enti culturali. Si precisa che la sindaca ha accolto i resoconti sull\u2019attivit\u00e0 dell\u2019Art-cinema, del Teatro civico dei burattini di Fiume, della Biblioteca civica di Fiume e del Museo d\u2019arte moderna e contemporanea, mentre ha preso atto dei resoconti sull\u2019attivit\u00e0 presentati dalla Casa di cultura croata a Su\u0161ak, dal Teatro nazionale croato Ivan de Zajc e dal Museo civico di Fiume.<\/p>\n<p>Nel 2024 l\u2019Art-cinema ha realizzato un avanzo pari a 61.569 euro. Il Teatro civico dei burattini di Fiume ha chiuso l\u2019anno con un avanzo pari a 46.117 euro. La Biblioteca civica di Fiume ha chiuso l\u2019anno con un avanzo pari a 16.085 euro, mentre il Museo d\u2019arte moderna e contemporanea ha registrato un avanzo di 6.154,46 euro. La Casa di cultura croata di Su\u0161ak (HKD) ha chiuso l\u2019anno con un avanzo pari a 16.260 euro, mentre il Museo civico di Fiume registra un deficit di 28.684,62 euro. Alla fine del 2024 il TNC Ivan de Zajc ha realizzato un deficit di 712.708,91 euro che sommato al disavanzo trasferito dagli anni precedenti porta il deficit complessivo delle entrate sulle uscite a 1.081.498,61 euro.<\/p>\n<p><strong>Scelti i vincitori del Premio letterario Drago Gervais e del Premio per le arti visive Ivo Kalina<\/strong><\/p>\n<p>\u00c8 stata approvata la decisione sull\u2019assegnazione del Premio letterario Drago Gervais per il 2025. Nella categoria per la miglior opera letteraria inedita il premio \u00e8 stato assegnato all\u2019autore Marko Poga\u010dar per il manoscritto intitolato \u201cEsej o no\u0107i\u201d (Saggio sulla notte), mentre nella categoria per la miglior opera letteraria pubblicata in uno degli idiomi del dialetto ciacavo della lingua croata il premio \u00e8 stato assegnato all\u2019autrice Jurjica Vesna Gr\u017ealja per la raccolta di poesie \u201cSan od sanj\u201d (Sognare il sogno).<\/p>\n<p>Il Premio per le arti visive Ivo Kalina per gli anni 2023 e 2024 \u00e8 stato assegnato a Igor Grubi\u0107 per la mostra individuale \u201cGeste aktivacije \u2013 radovi u javnom prostoru\u201d (Gesti di attivazione \u2013 lavori nello spazio pubblico) allestita nel Museo d\u2019arte moderna e contemporanea dal 20 giugno al 25 settembre 2024.<\/p>\n<p><strong>Nominata la Commissione per il monitoraggio delle attivit\u00e0 di attuazione delle misure di tutela e conservazione del bene culturale Teatro Fenice<\/strong><\/p>\n<p>La sindaca Rin\u010di\u0107 ha nominato i membri della Commissione per il monitoraggio delle attivit\u00e0 di attuazione delle misure di tutela e conservazione del bene culturale Teatro Fenice. Si ricorda che nel mese di settembre la sindaca ha nominato la Citt\u00e0 di Fiume tutore temporaneo del Teatro Fenice, affidando cos\u00ec l\u2019incarico di attuare le misure di tutela e conservazione del bene culturale. Tenuto conto che le misure prescritte devono essere attuate in conformit\u00e0 con le indicazioni e sotto la supervisione del competente Ufficio regionale per la conservazione di Fiume, previo l\u2019assenso preventivo dello stesso Ufficio, la Commissione \u00e8 tenuta a collaborare fattivamente con il citato Ufficio regionale per la conservazione di Fiume.<\/p>\n<p>\u00c8 stata accolta l\u2019informazione sulla partecipazione all\u2019organizzazione e sul cofinanziamento del progetto \u201cAkcija za 5!\u201d (Azione per 5!) che ha come obiettivo offrire ai giovani di et\u00e0 compresa tra i 14 e i 19 anni la possibilit\u00e0 di sviluppare le competenze necessarie per la partecipazione attiva ai processi decisionali a livello locale.<\/p>\n<p>La Citt\u00e0 di Fiume cofinanzier\u00e0 anche nell\u2019anno scolastico 2025\/2026 il progetto \u201cZajedno vi\u0161e mo\u017eemo\u201d (Insieme possiamo fare di pi\u00f9), della Direzione di Polizia della Regione litoraneo-montana. Si tratta di un programma di prevenzione primaria dell\u2019uso di sostanze stupefacenti e di altre sostanze che provocano dipendenza, del vandalismo, della violenza tra coetanei e di altri comportamenti a rischio, destinato agli alunni delle quarte, quinte e seste classi delle scuole elementari e ai loro genitori.<\/p>\n<p>Alla Casa per le donne e i bambini \u2013 vittime di violenza familiare della Caritas \u2013 S. Anna sono stati approvati 20.000,00 euro, mentre alla Residenza per le persone affette da demenza sono stati assicurati, per il 2025, 30.000,00 euro aggiuntivi onde assicurare la continuit\u00e0 dell\u2019attuazione e la qualit\u00e0 del Programma volto a garantire l\u2019innalzamento della qualit\u00e0 della vita sia degli utenti \u2013 persone affette da demenza \u2013 sia dei loro familiari.<\/p>\n<p>alla Casa per le persone affette da demenza per il cofinanziamento delle spese di funzionamento della Casa nel 2025.<\/p>\n<p><strong>Sostegno agli imprenditori che hanno registrato un calo del giro d\u2019affari a causa dei lavori eseguiti nel centro cittadino<\/strong><\/p>\n<p>\u00c8 stata approvata la conclusione sulla pubblicazione dell\u2019Invito pubblico per la presentazione di richieste per la concessione di sostegni a fondo perduto rivolto agli imprenditori che nel 2024 hanno registrato un calo del giro d\u2019affari rispetto al 2023 a causa dei lavori eseguiti nell\u2019ambito del progetto \u201cMiglioramento dell\u2019infrastruttura idrica comunale sul territorio dell\u2019Agglomerazione di Fiume\u201d.<\/p>\n<p>\u00c8 stata approvata la decisione sull\u2019abrogazione della Decisione sulla costituzione del Consiglio per l\u2019urbanistica, che era stato fondato nel mandato della precedente amministrazione come organo consultivo chiamato a fornire pareri e proposte nel settore dell\u2019urbanistica e dell\u2019assetto territoriale. Considerato che sono state avviate le attivit\u00e0 propedeutiche alla fondazione dell\u2019Istituto per l\u2019assetto territoriale della Citt\u00e0 di Fiume, che avr\u00e0 il compito di predisporre la pianificazione strategica e di sviluppo del territorio, viene meno il ruolo inizialmente assegnato al Consiglio per l\u2019urbanistica.<\/p>\n<p>\u00c8 stata inoltre trasmessa in consultazione pubblica la Bozza di proposta di Decisione sull\u2019ammontare delle aliquote fiscali della tassa annuale sul reddito applicate sul territorio della citt\u00e0 di Fiume. Ai sensi del programma per il mandato presentato dalla sindaca Iva Rin\u010di\u0107 e con l\u2019obiettivo di arrivare a un ulteriore sgravio fiscale a vantaggio dei residenti, la Citt\u00e0 di Fiume pianifica la riduzione delle aliquote della tassa annuale sul reddito attualmente in vigore prevedendo una riduzione dell\u2019aliquota pi\u00f9 bassa dal 22% al 20% e dell\u2019attuale aliquota pi\u00f9 alta dal 32% al 25%, a valere dal 1\u00ba gennaio 2026. La consultazione rimane aperta fino al 16 novembre 2025.<\/p>\n<p>\u00c8 stata approvata anche la conclusione sulla definizione dell\u2019importo minimo richiesto per l\u2019emissione del decreto fiscale relativo alla tassa immobiliare. Al fine di evitare spese inutili e crediti inesigibili derivanti da procedure di computo degli oneri fiscali per il 2025 riferiti alla tassa immobiliare dovuta dai contribuenti proprietari di immobili sul territorio della citt\u00e0 di Fiume, il Dipartimento per le finanze della Citt\u00e0 di Fiume, tenuto conto del rapporto di congruit\u00e0 tra le spese di computo e di riscossione della tassa e l\u2019onere fiscale computato, non emaner\u00e0 decreti fiscali nei casi in cui l\u2019onere fiscale \u00e8 inferiore all\u2019importo di 3,20 euro e il decreto fiscale dovrebbe essere consegnato al contribuente sul territorio della Repubblica di Croazia, nonch\u00e9 quando l\u2019obbligo fiscale \u00e8 inferiore a 7,10 euro e il decreto fiscale dovrebbe essere consegnato al contribuente all\u2019estero.<\/p>\n","protected":false},"excerpt":{"rendered":"<p>Nel corso della 16\u00aa riunione operativa del collegio della sindaca sono stati discussi i resoconti sull\u2019attivit\u00e0 degli enti culturali per il 2024.<\/p>\n","protected":false},"author":8,"featured_media":19941,"comment_status":"open","ping_status":"closed","sticky":false,"template":"","format":"standard","meta":{"_acf_changed":false,"_trash_the_other_posts":false,"footnotes":"","_links_to":"","_links_to_target":""},"categories":[416],"tags":[2460,2459],"class_list":["post-19939","post","type-post","status-publish","format-standard","has-post-thumbnail","hentry","category-collegio-del-sindaco","tag-coll","tag-collegio-della-sindaca"],"acf":[],"yoast_head":"<!-- This site is optimized with the Yoast SEO plugin v24.4 - https:\/\/yoast.com\/wordpress\/plugins\/seo\/ -->\n<title>Collegio della sindaca sui resoconti degli enti culturali per il 2024 - Citt\u00e0 di Fiume<\/title>\n<meta name=\"robots\" content=\"index, follow, max-snippet:-1, max-image-preview:large, max-video-preview:-1\" \/>\n<link rel=\"canonical\" href=\"https:\/\/www.rijeka.hr\/it\/collegio-della-sindaca-sui-resoconti-degli-enti-culturali-per-il-2024\/\" \/>\n<meta property=\"og:locale\" content=\"it_IT\" \/>\n<meta property=\"og:type\" content=\"article\" \/>\n<meta property=\"og:title\" content=\"Collegio della sindaca sui resoconti degli enti culturali per il 2024 - Citt\u00e0 di Fiume\" \/>\n<meta property=\"og:description\" content=\"Nel corso della 16\u00aa riunione operativa del collegio della sindaca sono stati discussi i resoconti sull\u2019attivit\u00e0 degli enti culturali per il 2024.\" \/>\n<meta property=\"og:url\" content=\"https:\/\/www.rijeka.hr\/it\/collegio-della-sindaca-sui-resoconti-degli-enti-culturali-per-il-2024\/\" \/>\n<meta property=\"og:site_name\" content=\"Citt\u00e0 di Fiume\" \/>\n<meta property=\"article:published_time\" content=\"2025-10-22T12:53:12+00:00\" \/>\n<meta property=\"article:modified_time\" content=\"2025-10-24T12:29:31+00:00\" \/>\n<meta property=\"og:image\" content=\"https:\/\/www.rijeka.hr\/it\/wp-content\/uploads\/sites\/3\/2025\/10\/Art-cinema.jpg\" \/>\n\t<meta property=\"og:image:width\" content=\"1200\" \/>\n\t<meta property=\"og:image:height\" content=\"800\" \/>\n\t<meta property=\"og:image:type\" content=\"image\/jpeg\" \/>\n<meta name=\"author\" content=\"sradovic\" \/>\n<meta name=\"twitter:card\" content=\"summary_large_image\" \/>\n<meta name=\"twitter:label1\" content=\"Written by\" \/>\n\t<meta name=\"twitter:data1\" content=\"sradovic\" \/>\n\t<meta name=\"twitter:label2\" content=\"Est. reading time\" \/>\n\t<meta name=\"twitter:data2\" content=\"6 minutes\" \/>\n<script type=\"application\/ld+json\" class=\"yoast-schema-graph\">{\"@context\":\"https:\/\/schema.org\",\"@graph\":[{\"@type\":\"WebPage\",\"@id\":\"https:\/\/www.rijeka.hr\/it\/collegio-della-sindaca-sui-resoconti-degli-enti-culturali-per-il-2024\/\",\"url\":\"https:\/\/www.rijeka.hr\/it\/collegio-della-sindaca-sui-resoconti-degli-enti-culturali-per-il-2024\/\",\"name\":\"Collegio della sindaca sui resoconti degli enti culturali per il 2024 - Citt\u00e0 di Fiume\",\"isPartOf\":{\"@id\":\"https:\/\/www.rijeka.hr\/it\/#website\"},\"primaryImageOfPage\":{\"@id\":\"https:\/\/www.rijeka.hr\/it\/collegio-della-sindaca-sui-resoconti-degli-enti-culturali-per-il-2024\/#primaryimage\"},\"image\":{\"@id\":\"https:\/\/www.rijeka.hr\/it\/collegio-della-sindaca-sui-resoconti-degli-enti-culturali-per-il-2024\/#primaryimage\"},\"thumbnailUrl\":\"https:\/\/www.rijeka.hr\/it\/wp-content\/uploads\/sites\/3\/2025\/10\/Art-cinema.jpg\",\"datePublished\":\"2025-10-22T12:53:12+00:00\",\"dateModified\":\"2025-10-24T12:29:31+00:00\",\"author\":{\"@id\":\"https:\/\/www.rijeka.hr\/it\/#\/schema\/person\/f944eacc70b6a69bc142d9389862b37b\"},\"breadcrumb\":{\"@id\":\"https:\/\/www.rijeka.hr\/it\/collegio-della-sindaca-sui-resoconti-degli-enti-culturali-per-il-2024\/#breadcrumb\"},\"inLanguage\":\"it-IT\",\"potentialAction\":[{\"@type\":\"ReadAction\",\"target\":[\"https:\/\/www.rijeka.hr\/it\/collegio-della-sindaca-sui-resoconti-degli-enti-culturali-per-il-2024\/\"]}]},{\"@type\":\"ImageObject\",\"inLanguage\":\"it-IT\",\"@id\":\"https:\/\/www.rijeka.hr\/it\/collegio-della-sindaca-sui-resoconti-degli-enti-culturali-per-il-2024\/#primaryimage\",\"url\":\"https:\/\/www.rijeka.hr\/it\/wp-content\/uploads\/sites\/3\/2025\/10\/Art-cinema.jpg\",\"contentUrl\":\"https:\/\/www.rijeka.hr\/it\/wp-content\/uploads\/sites\/3\/2025\/10\/Art-cinema.jpg\",\"width\":1200,\"height\":800,\"caption\":\"Art-cinema\"},{\"@type\":\"BreadcrumbList\",\"@id\":\"https:\/\/www.rijeka.hr\/it\/collegio-della-sindaca-sui-resoconti-degli-enti-culturali-per-il-2024\/#breadcrumb\",\"itemListElement\":[{\"@type\":\"ListItem\",\"position\":1,\"name\":\"Po\u010detna stranica\",\"item\":\"https:\/\/www.rijeka.hr\/it\/\"},{\"@type\":\"ListItem\",\"position\":2,\"name\":\"Collegio della sindaca sui resoconti degli enti culturali per il 2024\"}]},{\"@type\":\"WebSite\",\"@id\":\"https:\/\/www.rijeka.hr\/it\/#website\",\"url\":\"https:\/\/www.rijeka.hr\/it\/\",\"name\":\"Citt\u00e0 di Fiume\",\"description\":\"Portale web della Citta&#039; di Fiume\",\"potentialAction\":[{\"@type\":\"SearchAction\",\"target\":{\"@type\":\"EntryPoint\",\"urlTemplate\":\"https:\/\/www.rijeka.hr\/it\/?s={search_term_string}\"},\"query-input\":{\"@type\":\"PropertyValueSpecification\",\"valueRequired\":true,\"valueName\":\"search_term_string\"}}],\"inLanguage\":\"it-IT\"},{\"@type\":\"Person\",\"@id\":\"https:\/\/www.rijeka.hr\/it\/#\/schema\/person\/f944eacc70b6a69bc142d9389862b37b\",\"name\":\"sradovic\",\"image\":{\"@type\":\"ImageObject\",\"inLanguage\":\"it-IT\",\"@id\":\"https:\/\/www.rijeka.hr\/it\/#\/schema\/person\/image\/\",\"url\":\"https:\/\/secure.gravatar.com\/avatar\/d438b95983d528813c6fe2e5812a4188?s=96&d=mm&r=g\",\"contentUrl\":\"https:\/\/secure.gravatar.com\/avatar\/d438b95983d528813c6fe2e5812a4188?s=96&d=mm&r=g\",\"caption\":\"sradovic\"},\"url\":\"https:\/\/www.rijeka.hr\/it\/author\/sradovic\/\"}]}<\/script>\n<!-- \/ Yoast SEO plugin. -->","yoast_head_json":{"title":"Collegio della sindaca sui resoconti degli enti culturali per il 2024 - Citt\u00e0 di Fiume","robots":{"index":"index","follow":"follow","max-snippet":"max-snippet:-1","max-image-preview":"max-image-preview:large","max-video-preview":"max-video-preview:-1"},"canonical":"https:\/\/www.rijeka.hr\/it\/collegio-della-sindaca-sui-resoconti-degli-enti-culturali-per-il-2024\/","og_locale":"it_IT","og_type":"article","og_title":"Collegio della sindaca sui resoconti degli enti culturali per il 2024 - Citt\u00e0 di Fiume","og_description":"Nel corso della 16\u00aa riunione operativa del collegio della sindaca sono stati discussi i resoconti sull\u2019attivit\u00e0 degli enti culturali per il 2024.","og_url":"https:\/\/www.rijeka.hr\/it\/collegio-della-sindaca-sui-resoconti-degli-enti-culturali-per-il-2024\/","og_site_name":"Citt\u00e0 di Fiume","article_published_time":"2025-10-22T12:53:12+00:00","article_modified_time":"2025-10-24T12:29:31+00:00","og_image":[{"width":1200,"height":800,"url":"https:\/\/www.rijeka.hr\/it\/wp-content\/uploads\/sites\/3\/2025\/10\/Art-cinema.jpg","type":"image\/jpeg"}],"author":"sradovic","twitter_card":"summary_large_image","twitter_misc":{"Written by":"sradovic","Est. reading time":"6 minutes"},"schema":{"@context":"https:\/\/schema.org","@graph":[{"@type":"WebPage","@id":"https:\/\/www.rijeka.hr\/it\/collegio-della-sindaca-sui-resoconti-degli-enti-culturali-per-il-2024\/","url":"https:\/\/www.rijeka.hr\/it\/collegio-della-sindaca-sui-resoconti-degli-enti-culturali-per-il-2024\/","name":"Collegio della sindaca sui resoconti degli enti culturali per il 2024 - Citt\u00e0 di Fiume","isPartOf":{"@id":"https:\/\/www.rijeka.hr\/it\/#website"},"primaryImageOfPage":{"@id":"https:\/\/www.rijeka.hr\/it\/collegio-della-sindaca-sui-resoconti-degli-enti-culturali-per-il-2024\/#primaryimage"},"image":{"@id":"https:\/\/www.rijeka.hr\/it\/collegio-della-sindaca-sui-resoconti-degli-enti-culturali-per-il-2024\/#primaryimage"},"thumbnailUrl":"https:\/\/www.rijeka.hr\/it\/wp-content\/uploads\/sites\/3\/2025\/10\/Art-cinema.jpg","datePublished":"2025-10-22T12:53:12+00:00","dateModified":"2025-10-24T12:29:31+00:00","author":{"@id":"https:\/\/www.rijeka.hr\/it\/#\/schema\/person\/f944eacc70b6a69bc142d9389862b37b"},"breadcrumb":{"@id":"https:\/\/www.rijeka.hr\/it\/collegio-della-sindaca-sui-resoconti-degli-enti-culturali-per-il-2024\/#breadcrumb"},"inLanguage":"it-IT","potentialAction":[{"@type":"ReadAction","target":["https:\/\/www.rijeka.hr\/it\/collegio-della-sindaca-sui-resoconti-degli-enti-culturali-per-il-2024\/"]}]},{"@type":"ImageObject","inLanguage":"it-IT","@id":"https:\/\/www.rijeka.hr\/it\/collegio-della-sindaca-sui-resoconti-degli-enti-culturali-per-il-2024\/#primaryimage","url":"https:\/\/www.rijeka.hr\/it\/wp-content\/uploads\/sites\/3\/2025\/10\/Art-cinema.jpg","contentUrl":"https:\/\/www.rijeka.hr\/it\/wp-content\/uploads\/sites\/3\/2025\/10\/Art-cinema.jpg","width":1200,"height":800,"caption":"Art-cinema"},{"@type":"BreadcrumbList","@id":"https:\/\/www.rijeka.hr\/it\/collegio-della-sindaca-sui-resoconti-degli-enti-culturali-per-il-2024\/#breadcrumb","itemListElement":[{"@type":"ListItem","position":1,"name":"Po\u010detna stranica","item":"https:\/\/www.rijeka.hr\/it\/"},{"@type":"ListItem","position":2,"name":"Collegio della sindaca sui resoconti degli enti culturali per il 2024"}]},{"@type":"WebSite","@id":"https:\/\/www.rijeka.hr\/it\/#website","url":"https:\/\/www.rijeka.hr\/it\/","name":"Citt\u00e0 di Fiume","description":"Portale web della Citta&#039; di Fiume","potentialAction":[{"@type":"SearchAction","target":{"@type":"EntryPoint","urlTemplate":"https:\/\/www.rijeka.hr\/it\/?s={search_term_string}"},"query-input":{"@type":"PropertyValueSpecification","valueRequired":true,"valueName":"search_term_string"}}],"inLanguage":"it-IT"},{"@type":"Person","@id":"https:\/\/www.rijeka.hr\/it\/#\/schema\/person\/f944eacc70b6a69bc142d9389862b37b","name":"sradovic","image":{"@type":"ImageObject","inLanguage":"it-IT","@id":"https:\/\/www.rijeka.hr\/it\/#\/schema\/person\/image\/","url":"https:\/\/secure.gravatar.com\/avatar\/d438b95983d528813c6fe2e5812a4188?s=96&d=mm&r=g","contentUrl":"https:\/\/secure.gravatar.com\/avatar\/d438b95983d528813c6fe2e5812a4188?s=96&d=mm&r=g","caption":"sradovic"},"url":"https:\/\/www.rijeka.hr\/it\/author\/sradovic\/"}]}},"_links":{"self":[{"href":"https:\/\/www.rijeka.hr\/it\/wp-json\/wp\/v2\/posts\/19939","targetHints":{"allow":["GET"]}}],"collection":[{"href":"https:\/\/www.rijeka.hr\/it\/wp-json\/wp\/v2\/posts"}],"about":[{"href":"https:\/\/www.rijeka.hr\/it\/wp-json\/wp\/v2\/types\/post"}],"author":[{"embeddable":true,"href":"https:\/\/www.rijeka.hr\/it\/wp-json\/wp\/v2\/users\/8"}],"replies":[{"embeddable":true,"href":"https:\/\/www.rijeka.hr\/it\/wp-json\/wp\/v2\/comments?post=19939"}],"version-history":[{"count":3,"href":"https:\/\/www.rijeka.hr\/it\/wp-json\/wp\/v2\/posts\/19939\/revisions"}],"predecessor-version":[{"id":19945,"href":"https:\/\/www.rijeka.hr\/it\/wp-json\/wp\/v2\/posts\/19939\/revisions\/19945"}],"wp:featuredmedia":[{"embeddable":true,"href":"https:\/\/www.rijeka.hr\/it\/wp-json\/wp\/v2\/media\/19941"}],"wp:attachment":[{"href":"https:\/\/www.rijeka.hr\/it\/wp-json\/wp\/v2\/media?parent=19939"}],"wp:term":[{"taxonomy":"category","embeddable":true,"href":"https:\/\/www.rijeka.hr\/it\/wp-json\/wp\/v2\/categories?post=19939"},{"taxonomy":"post_tag","embeddable":true,"href":"https:\/\/www.rijeka.hr\/it\/wp-json\/wp\/v2\/tags?post=19939"}],"curies":[{"name":"wp","href":"https:\/\/api.w.org\/{rel}","templated":true}]}}