{"id":20168,"date":"2026-01-14T15:46:44","date_gmt":"2026-01-14T14:46:44","guid":{"rendered":"https:\/\/www.rijeka.hr\/it\/?p=20168"},"modified":"2026-02-19T09:50:39","modified_gmt":"2026-02-19T08:50:39","slug":"teatro-fenice-rincic-lannullamento-della-decisione-ci-riporta-al-punto-di-partenza-confermiamo-la-volonta-di-tutelare-un-bene-culturale","status":"publish","type":"post","link":"https:\/\/www.rijeka.hr\/it\/teatro-fenice-rincic-lannullamento-della-decisione-ci-riporta-al-punto-di-partenza-confermiamo-la-volonta-di-tutelare-un-bene-culturale\/","title":{"rendered":"Teatro Fenice. Rin\u010di\u0107: l\u2019annullamento della decisione ci riporta al punto di partenza. Confermiamo la volont\u00e0 di tutelare un bene culturale"},"content":{"rendered":"<p>La sindaca ha commentato la situazione venutasi a creare a seguito dell\u2019annullamento della nomina del curatore temporaneo di Teatro Fenice deciso dal Ministero della Cultura e dei Media a fine dicembre del 2025 a causa di errori procedurali risalenti al 2020.<\/p>\n<p>Si ricorda che il 23 settembre 2025, ai sensi di una proposta del Dipartimento per la conservazione dei beni culturali, la Citt\u00e0 di Fiume aveva nominato il curatore temporaneo dell\u2019edificio Teatro Fenice. Chiamato a decidere sul ricorso presentato da un condomino, il Ministero ha annullato la decisione in parola richiamandosi agli errori contenuti in un decreto emesso dal Dipartimento per la conservazione dei beni culturali nel gennaio del 2020. Nell\u2019atto, infatti, la propriet\u00e0 dell\u2019edificio era stata stabilita in modo erroneo e di conseguenza l\u2019onere dell\u2019attuazione delle misure di tutela era stata imposta alla Citt\u00e0 di Fiume e alla societ\u00e0 Rijeka kino s.r.l., mentre i reali condomini \u2013 proprietari di appartamenti \u2013 non erano stati informati in merito.<\/p>\n<p>&nbsp;<\/p>\n<div id=\"attachment_20171\" class=\"wp-caption alignright\"><a href=\"https:\/\/www.rijeka.hr\/it\/wp-content\/uploads\/sites\/3\/2026\/02\/Iva-Rincic-konferenza-stampa-2.jpg\" data-rel=\"lightbox-image-0\" data-rl_title=\"\" data-rl_caption=\"\" title=\"\"><img loading=\"lazy\" decoding=\"async\" width=\"600\" height=\"400\" class=\"wp-image-20171 size-medium\" src=\"https:\/\/www.rijeka.hr\/it\/wp-content\/uploads\/sites\/3\/2026\/02\/Iva-Rincic-konferenza-stampa-2-600x400.jpg\" alt=\"Iva-Rincic\" srcset=\"https:\/\/www.rijeka.hr\/it\/wp-content\/uploads\/sites\/3\/2026\/02\/Iva-Rincic-konferenza-stampa-2-600x400.jpg 600w, https:\/\/www.rijeka.hr\/it\/wp-content\/uploads\/sites\/3\/2026\/02\/Iva-Rincic-konferenza-stampa-2-1200x800.jpg 1200w, https:\/\/www.rijeka.hr\/it\/wp-content\/uploads\/sites\/3\/2026\/02\/Iva-Rincic-konferenza-stampa-2-768x512.jpg 768w, https:\/\/www.rijeka.hr\/it\/wp-content\/uploads\/sites\/3\/2026\/02\/Iva-Rincic-konferenza-stampa-2-1536x1024.jpg 1536w, https:\/\/www.rijeka.hr\/it\/wp-content\/uploads\/sites\/3\/2026\/02\/Iva-Rincic-konferenza-stampa-2-900x600.jpg 900w, https:\/\/www.rijeka.hr\/it\/wp-content\/uploads\/sites\/3\/2026\/02\/Iva-Rincic-konferenza-stampa-2.jpg 1600w\" sizes=\"(max-width: 600px) 100vw, 600px\" \/><\/a><p class=\"wp-caption-text\">Iva Rin\u010di\u0107<\/p><\/div>\n<p>\u201cIl decreto che imponeva l\u2019attuazione delle misure citate era stato trasmesso alla Citt\u00e0 di Fiume e non ai reali condomini \u2013 i proprietari che avevano acquistato gli appartamenti dalla Citt\u00e0 di fiume e il cui diritto non risultava da un\u2019iscrizione nel Libro fondiario bens\u00ec soltanto dalla documentazione depositata nella Raccolta dei titoli registrati\u201d, ha detto la sindaca, evidenziando che all\u2019epoca, nel 2020, la Citt\u00e0 di Fiume nonostante le sia stato imposto l\u2019onere dell\u2019attuazione delle misure di tutela non aveva presentato ricorso contro l\u2019atto che nel frattempo \u00e8 diventato esecutivo.<\/p>\n<p>\u201cSiamo in contatto con il Ministero della cultura e dei Media e con il Dipartimento per la conservazione dei beni culturali, come pure con i servizi legali onde appurare le possibilit\u00e0 previste dalla legge e decidere il da farsi. La Citt\u00e0 di Fiume \u00e8 ferma nell\u2019opinione che le condizioni di Teatro Fenice non possono essere ignorate. L\u2019ulteriore deterioramento del palazzo \u00e8 inammissibile soprattutto considerato che rappresenta un rischio per la sicurezza dei cittadini. \u00c8 proprio tenuto conto di questo aspetto che era stata approvata la decisione sulla nomina del curatore temporaneo. Volevamo istituire un incarico temporaneo e affidargli il compito di garantire stabilit\u00e0 e sicurezza e di creare le precondizioni necessarie per addivenire a una soluzione dello status di Teatro Fenice. La decisione di annullamento determina un rallentamento della procedura, che viene riportata al punto di partenza\u201d, ha detto la sindaca.<\/p>\n<p><strong>Le librerie nei vani cittadini<\/strong><\/p>\n<p>Rin\u010di\u0107 si \u00e8 soffermata anche sulla decisione approvata il 23 dicembre 2025 che non riconosce, nel 2026, lo sconto del 50 per cento del canone di locazione dei vani cittadini nei quali viene svolta l\u2019attivit\u00e0 di vendita al dettaglio di libri nuovi.<\/p>\n<p>\u201cLa nostra intenzione non era mettere a rischio l\u2019attivit\u00e0 degli editori e delle librerie. \u00c8 per\u00f2 un dato di fatto che la decisione ha provocato burrascose reazioni dell\u2019opinione pubblica. Abbiamo svolto un\u2019ulteriore analisi \u00e8 abbiamo appurato che la misura veniva attuata dal 2012 ma che era priva di un fondamento legale sostenibile e che tale circostanza era gi\u00e0 stata rilevata dalla revisione cittadina.<\/p>\n<div id=\"attachment_20172\" class=\"wp-caption alignleft\"><a href=\"https:\/\/www.rijeka.hr\/it\/wp-content\/uploads\/sites\/3\/2026\/02\/Iva-Rincic-konferenza-stampa-3.jpg\" data-rel=\"lightbox-image-1\" data-rl_title=\"\" data-rl_caption=\"\" title=\"\"><img loading=\"lazy\" decoding=\"async\" class=\"wp-image-20172 size-medium\" src=\"https:\/\/www.rijeka.hr\/it\/wp-content\/uploads\/sites\/3\/2026\/02\/Iva-Rincic-konferenza-stampa-3-600x400.jpg\" alt=\"Iva-Rincic-konferenza stampa \" width=\"600\" height=\"400\" srcset=\"https:\/\/www.rijeka.hr\/it\/wp-content\/uploads\/sites\/3\/2026\/02\/Iva-Rincic-konferenza-stampa-3-600x400.jpg 600w, https:\/\/www.rijeka.hr\/it\/wp-content\/uploads\/sites\/3\/2026\/02\/Iva-Rincic-konferenza-stampa-3-1200x800.jpg 1200w, https:\/\/www.rijeka.hr\/it\/wp-content\/uploads\/sites\/3\/2026\/02\/Iva-Rincic-konferenza-stampa-3-768x512.jpg 768w, https:\/\/www.rijeka.hr\/it\/wp-content\/uploads\/sites\/3\/2026\/02\/Iva-Rincic-konferenza-stampa-3-1536x1024.jpg 1536w, https:\/\/www.rijeka.hr\/it\/wp-content\/uploads\/sites\/3\/2026\/02\/Iva-Rincic-konferenza-stampa-3-900x600.jpg 900w, https:\/\/www.rijeka.hr\/it\/wp-content\/uploads\/sites\/3\/2026\/02\/Iva-Rincic-konferenza-stampa-3.jpg 1600w\" sizes=\"(max-width: 600px) 100vw, 600px\" \/><\/a><p class=\"wp-caption-text\">Vedran Vivoda, Iva Rin\u010di\u0107<\/p><\/div>\n<p>In quanto titolare del potere esecutivo ritengo di dover approvare decisioni conformi alle leggi, trasparenti e sostenibili, sia quando si tratta della gestione del sistema comunale sia in riferimento agli editori e alle librerie. Devo ammettere che la decisione in parola era stata preparata male e che va modificata, ma nel rispetto delle leggi e nell\u2019ambito di una procedura trasparente in modo da assicurarne la sostenibilit\u00e0.<\/p>\n<p>Nell\u2019approfondire la questione abbiamo appurato l\u2019esistenza di ulteriori ragioni che impongono alcune modifiche, non per mettere a rischio le librerie bens\u00ec per ottenere il risultato opposto \u2013creare un sistema pi\u00f9 equo e sostenibile. Chiedo all\u2019opinione pubblica e ai media un portare un po\u2019 di pazienza in modo da consentici di preparare in tempi quanto pi\u00f9 brevi possibili una buona decisione. Inviteremo le librerie, ovvero i loro gestori \u2013 locatari a un incontro nel corso del quale desideriamo conoscere i loro punti di vista e sentire le loro proposte\u201d, ha detto Rin\u010di\u0107.<\/p>\n<p>Nel corso del Collegio sono state approvate anche le decisioni sull\u2019aumento dei bonus una tantum per i neonati, sull\u2019introduzione del trasporto pubblico gratuito a beneficio dei donatori di sangue volontari in rapporto di lavoro e sul prosieguo del confinanziamento del trasporto pubblico per gli alunni di scuola media superiore, gli over 65 e altre categorie di beneficiari.<\/p>\n","protected":false},"excerpt":{"rendered":"<p>\u201cL\u2019annullamento della decisione sulla nomina del curatore temporaneo di Teatro Fenice ci riporta al punto di partenza, ma confermiamo la volont\u00e0 di tutelare un bene culturale\u201d. Cos\u00ec la sindaca Iva Rin\u010di\u0107 che nel corso della conferenza stampa ordinaria ha annunciato l\u2019intenzione di convocare a breve un incontro dedicato alla questione e lo svolgimento di colloqui con i librai.<\/p>\n","protected":false},"author":95,"featured_media":20169,"comment_status":"open","ping_status":"closed","sticky":false,"template":"","format":"standard","meta":{"_acf_changed":false,"_trash_the_other_posts":false,"footnotes":"","_links_to":"","_links_to_target":""},"categories":[416,1237],"tags":[2459],"class_list":["post-20168","post","type-post","status-publish","format-standard","has-post-thumbnail","hentry","category-collegio-del-sindaco","category-dipartimento-autogoverno-locale-e-amministrazione","tag-collegio-della-sindaca"],"acf":[],"yoast_head":"<!-- This site is optimized with the Yoast SEO plugin v24.4 - https:\/\/yoast.com\/wordpress\/plugins\/seo\/ -->\n<title>Teatro Fenice. Rin\u010di\u0107: l\u2019annullamento della decisione ci riporta al punto di partenza. Confermiamo la volont\u00e0 di tutelare un bene culturale - Citt\u00e0 di Fiume<\/title>\n<meta name=\"robots\" content=\"index, follow, max-snippet:-1, max-image-preview:large, max-video-preview:-1\" \/>\n<link rel=\"canonical\" href=\"https:\/\/www.rijeka.hr\/it\/teatro-fenice-rincic-lannullamento-della-decisione-ci-riporta-al-punto-di-partenza-confermiamo-la-volonta-di-tutelare-un-bene-culturale\/\" \/>\n<meta property=\"og:locale\" content=\"it_IT\" \/>\n<meta property=\"og:type\" content=\"article\" \/>\n<meta property=\"og:title\" content=\"Teatro Fenice. Rin\u010di\u0107: l\u2019annullamento della decisione ci riporta al punto di partenza. Confermiamo la volont\u00e0 di tutelare un bene culturale - Citt\u00e0 di Fiume\" \/>\n<meta property=\"og:description\" content=\"\u201cL\u2019annullamento della decisione sulla nomina del curatore temporaneo di Teatro Fenice ci riporta al punto di partenza, ma confermiamo la volont\u00e0 di tutelare un bene culturale\u201d. Cos\u00ec la sindaca Iva Rin\u010di\u0107 che nel corso della conferenza stampa ordinaria ha annunciato l\u2019intenzione di convocare a breve un incontro dedicato alla questione e lo svolgimento di colloqui con i librai.\" \/>\n<meta property=\"og:url\" content=\"https:\/\/www.rijeka.hr\/it\/teatro-fenice-rincic-lannullamento-della-decisione-ci-riporta-al-punto-di-partenza-confermiamo-la-volonta-di-tutelare-un-bene-culturale\/\" \/>\n<meta property=\"og:site_name\" content=\"Citt\u00e0 di Fiume\" \/>\n<meta property=\"article:published_time\" content=\"2026-01-14T14:46:44+00:00\" \/>\n<meta property=\"article:modified_time\" content=\"2026-02-19T08:50:39+00:00\" \/>\n<meta property=\"og:image\" content=\"https:\/\/www.rijeka.hr\/it\/wp-content\/uploads\/sites\/3\/2026\/02\/Iva-Rincic-konferenza-stampa.jpg\" \/>\n\t<meta property=\"og:image:width\" content=\"900\" \/>\n\t<meta property=\"og:image:height\" content=\"600\" \/>\n\t<meta property=\"og:image:type\" content=\"image\/jpeg\" \/>\n<meta name=\"author\" content=\"neva\" \/>\n<meta name=\"twitter:card\" content=\"summary_large_image\" \/>\n<meta name=\"twitter:label1\" content=\"Written by\" \/>\n\t<meta name=\"twitter:data1\" content=\"neva\" \/>\n\t<meta name=\"twitter:label2\" content=\"Est. reading time\" \/>\n\t<meta name=\"twitter:data2\" content=\"5 minutes\" \/>\n<script type=\"application\/ld+json\" class=\"yoast-schema-graph\">{\"@context\":\"https:\/\/schema.org\",\"@graph\":[{\"@type\":\"WebPage\",\"@id\":\"https:\/\/www.rijeka.hr\/it\/teatro-fenice-rincic-lannullamento-della-decisione-ci-riporta-al-punto-di-partenza-confermiamo-la-volonta-di-tutelare-un-bene-culturale\/\",\"url\":\"https:\/\/www.rijeka.hr\/it\/teatro-fenice-rincic-lannullamento-della-decisione-ci-riporta-al-punto-di-partenza-confermiamo-la-volonta-di-tutelare-un-bene-culturale\/\",\"name\":\"Teatro Fenice. Rin\u010di\u0107: l\u2019annullamento della decisione ci riporta al punto di partenza. Confermiamo la volont\u00e0 di tutelare un bene culturale - Citt\u00e0 di Fiume\",\"isPartOf\":{\"@id\":\"https:\/\/www.rijeka.hr\/it\/#website\"},\"primaryImageOfPage\":{\"@id\":\"https:\/\/www.rijeka.hr\/it\/teatro-fenice-rincic-lannullamento-della-decisione-ci-riporta-al-punto-di-partenza-confermiamo-la-volonta-di-tutelare-un-bene-culturale\/#primaryimage\"},\"image\":{\"@id\":\"https:\/\/www.rijeka.hr\/it\/teatro-fenice-rincic-lannullamento-della-decisione-ci-riporta-al-punto-di-partenza-confermiamo-la-volonta-di-tutelare-un-bene-culturale\/#primaryimage\"},\"thumbnailUrl\":\"https:\/\/www.rijeka.hr\/it\/wp-content\/uploads\/sites\/3\/2026\/02\/Iva-Rincic-konferenza-stampa.jpg\",\"datePublished\":\"2026-01-14T14:46:44+00:00\",\"dateModified\":\"2026-02-19T08:50:39+00:00\",\"author\":{\"@id\":\"https:\/\/www.rijeka.hr\/it\/#\/schema\/person\/663e79531920a3de06256465dc9d948d\"},\"breadcrumb\":{\"@id\":\"https:\/\/www.rijeka.hr\/it\/teatro-fenice-rincic-lannullamento-della-decisione-ci-riporta-al-punto-di-partenza-confermiamo-la-volonta-di-tutelare-un-bene-culturale\/#breadcrumb\"},\"inLanguage\":\"it-IT\",\"potentialAction\":[{\"@type\":\"ReadAction\",\"target\":[\"https:\/\/www.rijeka.hr\/it\/teatro-fenice-rincic-lannullamento-della-decisione-ci-riporta-al-punto-di-partenza-confermiamo-la-volonta-di-tutelare-un-bene-culturale\/\"]}]},{\"@type\":\"ImageObject\",\"inLanguage\":\"it-IT\",\"@id\":\"https:\/\/www.rijeka.hr\/it\/teatro-fenice-rincic-lannullamento-della-decisione-ci-riporta-al-punto-di-partenza-confermiamo-la-volonta-di-tutelare-un-bene-culturale\/#primaryimage\",\"url\":\"https:\/\/www.rijeka.hr\/it\/wp-content\/uploads\/sites\/3\/2026\/02\/Iva-Rincic-konferenza-stampa.jpg\",\"contentUrl\":\"https:\/\/www.rijeka.hr\/it\/wp-content\/uploads\/sites\/3\/2026\/02\/Iva-Rincic-konferenza-stampa.jpg\",\"width\":900,\"height\":600,\"caption\":\"Iva-Rincic-konferenza stampa\"},{\"@type\":\"BreadcrumbList\",\"@id\":\"https:\/\/www.rijeka.hr\/it\/teatro-fenice-rincic-lannullamento-della-decisione-ci-riporta-al-punto-di-partenza-confermiamo-la-volonta-di-tutelare-un-bene-culturale\/#breadcrumb\",\"itemListElement\":[{\"@type\":\"ListItem\",\"position\":1,\"name\":\"Po\u010detna stranica\",\"item\":\"https:\/\/www.rijeka.hr\/it\/\"},{\"@type\":\"ListItem\",\"position\":2,\"name\":\"Teatro Fenice. Rin\u010di\u0107: l\u2019annullamento della decisione ci riporta al punto di partenza. Confermiamo la volont\u00e0 di tutelare un bene culturale\"}]},{\"@type\":\"WebSite\",\"@id\":\"https:\/\/www.rijeka.hr\/it\/#website\",\"url\":\"https:\/\/www.rijeka.hr\/it\/\",\"name\":\"Citt\u00e0 di Fiume\",\"description\":\"Portale web della Citta&#039; di Fiume\",\"potentialAction\":[{\"@type\":\"SearchAction\",\"target\":{\"@type\":\"EntryPoint\",\"urlTemplate\":\"https:\/\/www.rijeka.hr\/it\/?s={search_term_string}\"},\"query-input\":{\"@type\":\"PropertyValueSpecification\",\"valueRequired\":true,\"valueName\":\"search_term_string\"}}],\"inLanguage\":\"it-IT\"},{\"@type\":\"Person\",\"@id\":\"https:\/\/www.rijeka.hr\/it\/#\/schema\/person\/663e79531920a3de06256465dc9d948d\",\"name\":\"neva\",\"image\":{\"@type\":\"ImageObject\",\"inLanguage\":\"it-IT\",\"@id\":\"https:\/\/www.rijeka.hr\/it\/#\/schema\/person\/image\/\",\"url\":\"https:\/\/secure.gravatar.com\/avatar\/b8343288b57bef5feb410c8a30ef5680?s=96&d=mm&r=g\",\"contentUrl\":\"https:\/\/secure.gravatar.com\/avatar\/b8343288b57bef5feb410c8a30ef5680?s=96&d=mm&r=g\",\"caption\":\"neva\"},\"sameAs\":[\"https:\/\/www.rijeka.hr\/\"],\"url\":\"https:\/\/www.rijeka.hr\/it\/author\/neva\/\"}]}<\/script>\n<!-- \/ Yoast SEO plugin. -->","yoast_head_json":{"title":"Teatro Fenice. Rin\u010di\u0107: l\u2019annullamento della decisione ci riporta al punto di partenza. Confermiamo la volont\u00e0 di tutelare un bene culturale - Citt\u00e0 di Fiume","robots":{"index":"index","follow":"follow","max-snippet":"max-snippet:-1","max-image-preview":"max-image-preview:large","max-video-preview":"max-video-preview:-1"},"canonical":"https:\/\/www.rijeka.hr\/it\/teatro-fenice-rincic-lannullamento-della-decisione-ci-riporta-al-punto-di-partenza-confermiamo-la-volonta-di-tutelare-un-bene-culturale\/","og_locale":"it_IT","og_type":"article","og_title":"Teatro Fenice. Rin\u010di\u0107: l\u2019annullamento della decisione ci riporta al punto di partenza. Confermiamo la volont\u00e0 di tutelare un bene culturale - Citt\u00e0 di Fiume","og_description":"\u201cL\u2019annullamento della decisione sulla nomina del curatore temporaneo di Teatro Fenice ci riporta al punto di partenza, ma confermiamo la volont\u00e0 di tutelare un bene culturale\u201d. Cos\u00ec la sindaca Iva Rin\u010di\u0107 che nel corso della conferenza stampa ordinaria ha annunciato l\u2019intenzione di convocare a breve un incontro dedicato alla questione e lo svolgimento di colloqui con i librai.","og_url":"https:\/\/www.rijeka.hr\/it\/teatro-fenice-rincic-lannullamento-della-decisione-ci-riporta-al-punto-di-partenza-confermiamo-la-volonta-di-tutelare-un-bene-culturale\/","og_site_name":"Citt\u00e0 di Fiume","article_published_time":"2026-01-14T14:46:44+00:00","article_modified_time":"2026-02-19T08:50:39+00:00","og_image":[{"width":900,"height":600,"url":"https:\/\/www.rijeka.hr\/it\/wp-content\/uploads\/sites\/3\/2026\/02\/Iva-Rincic-konferenza-stampa.jpg","type":"image\/jpeg"}],"author":"neva","twitter_card":"summary_large_image","twitter_misc":{"Written by":"neva","Est. reading time":"5 minutes"},"schema":{"@context":"https:\/\/schema.org","@graph":[{"@type":"WebPage","@id":"https:\/\/www.rijeka.hr\/it\/teatro-fenice-rincic-lannullamento-della-decisione-ci-riporta-al-punto-di-partenza-confermiamo-la-volonta-di-tutelare-un-bene-culturale\/","url":"https:\/\/www.rijeka.hr\/it\/teatro-fenice-rincic-lannullamento-della-decisione-ci-riporta-al-punto-di-partenza-confermiamo-la-volonta-di-tutelare-un-bene-culturale\/","name":"Teatro Fenice. Rin\u010di\u0107: l\u2019annullamento della decisione ci riporta al punto di partenza. Confermiamo la volont\u00e0 di tutelare un bene culturale - Citt\u00e0 di Fiume","isPartOf":{"@id":"https:\/\/www.rijeka.hr\/it\/#website"},"primaryImageOfPage":{"@id":"https:\/\/www.rijeka.hr\/it\/teatro-fenice-rincic-lannullamento-della-decisione-ci-riporta-al-punto-di-partenza-confermiamo-la-volonta-di-tutelare-un-bene-culturale\/#primaryimage"},"image":{"@id":"https:\/\/www.rijeka.hr\/it\/teatro-fenice-rincic-lannullamento-della-decisione-ci-riporta-al-punto-di-partenza-confermiamo-la-volonta-di-tutelare-un-bene-culturale\/#primaryimage"},"thumbnailUrl":"https:\/\/www.rijeka.hr\/it\/wp-content\/uploads\/sites\/3\/2026\/02\/Iva-Rincic-konferenza-stampa.jpg","datePublished":"2026-01-14T14:46:44+00:00","dateModified":"2026-02-19T08:50:39+00:00","author":{"@id":"https:\/\/www.rijeka.hr\/it\/#\/schema\/person\/663e79531920a3de06256465dc9d948d"},"breadcrumb":{"@id":"https:\/\/www.rijeka.hr\/it\/teatro-fenice-rincic-lannullamento-della-decisione-ci-riporta-al-punto-di-partenza-confermiamo-la-volonta-di-tutelare-un-bene-culturale\/#breadcrumb"},"inLanguage":"it-IT","potentialAction":[{"@type":"ReadAction","target":["https:\/\/www.rijeka.hr\/it\/teatro-fenice-rincic-lannullamento-della-decisione-ci-riporta-al-punto-di-partenza-confermiamo-la-volonta-di-tutelare-un-bene-culturale\/"]}]},{"@type":"ImageObject","inLanguage":"it-IT","@id":"https:\/\/www.rijeka.hr\/it\/teatro-fenice-rincic-lannullamento-della-decisione-ci-riporta-al-punto-di-partenza-confermiamo-la-volonta-di-tutelare-un-bene-culturale\/#primaryimage","url":"https:\/\/www.rijeka.hr\/it\/wp-content\/uploads\/sites\/3\/2026\/02\/Iva-Rincic-konferenza-stampa.jpg","contentUrl":"https:\/\/www.rijeka.hr\/it\/wp-content\/uploads\/sites\/3\/2026\/02\/Iva-Rincic-konferenza-stampa.jpg","width":900,"height":600,"caption":"Iva-Rincic-konferenza stampa"},{"@type":"BreadcrumbList","@id":"https:\/\/www.rijeka.hr\/it\/teatro-fenice-rincic-lannullamento-della-decisione-ci-riporta-al-punto-di-partenza-confermiamo-la-volonta-di-tutelare-un-bene-culturale\/#breadcrumb","itemListElement":[{"@type":"ListItem","position":1,"name":"Po\u010detna stranica","item":"https:\/\/www.rijeka.hr\/it\/"},{"@type":"ListItem","position":2,"name":"Teatro Fenice. Rin\u010di\u0107: l\u2019annullamento della decisione ci riporta al punto di partenza. Confermiamo la volont\u00e0 di tutelare un bene culturale"}]},{"@type":"WebSite","@id":"https:\/\/www.rijeka.hr\/it\/#website","url":"https:\/\/www.rijeka.hr\/it\/","name":"Citt\u00e0 di Fiume","description":"Portale web della Citta&#039; di Fiume","potentialAction":[{"@type":"SearchAction","target":{"@type":"EntryPoint","urlTemplate":"https:\/\/www.rijeka.hr\/it\/?s={search_term_string}"},"query-input":{"@type":"PropertyValueSpecification","valueRequired":true,"valueName":"search_term_string"}}],"inLanguage":"it-IT"},{"@type":"Person","@id":"https:\/\/www.rijeka.hr\/it\/#\/schema\/person\/663e79531920a3de06256465dc9d948d","name":"neva","image":{"@type":"ImageObject","inLanguage":"it-IT","@id":"https:\/\/www.rijeka.hr\/it\/#\/schema\/person\/image\/","url":"https:\/\/secure.gravatar.com\/avatar\/b8343288b57bef5feb410c8a30ef5680?s=96&d=mm&r=g","contentUrl":"https:\/\/secure.gravatar.com\/avatar\/b8343288b57bef5feb410c8a30ef5680?s=96&d=mm&r=g","caption":"neva"},"sameAs":["https:\/\/www.rijeka.hr\/"],"url":"https:\/\/www.rijeka.hr\/it\/author\/neva\/"}]}},"_links":{"self":[{"href":"https:\/\/www.rijeka.hr\/it\/wp-json\/wp\/v2\/posts\/20168","targetHints":{"allow":["GET"]}}],"collection":[{"href":"https:\/\/www.rijeka.hr\/it\/wp-json\/wp\/v2\/posts"}],"about":[{"href":"https:\/\/www.rijeka.hr\/it\/wp-json\/wp\/v2\/types\/post"}],"author":[{"embeddable":true,"href":"https:\/\/www.rijeka.hr\/it\/wp-json\/wp\/v2\/users\/95"}],"replies":[{"embeddable":true,"href":"https:\/\/www.rijeka.hr\/it\/wp-json\/wp\/v2\/comments?post=20168"}],"version-history":[{"count":2,"href":"https:\/\/www.rijeka.hr\/it\/wp-json\/wp\/v2\/posts\/20168\/revisions"}],"predecessor-version":[{"id":20173,"href":"https:\/\/www.rijeka.hr\/it\/wp-json\/wp\/v2\/posts\/20168\/revisions\/20173"}],"wp:featuredmedia":[{"embeddable":true,"href":"https:\/\/www.rijeka.hr\/it\/wp-json\/wp\/v2\/media\/20169"}],"wp:attachment":[{"href":"https:\/\/www.rijeka.hr\/it\/wp-json\/wp\/v2\/media?parent=20168"}],"wp:term":[{"taxonomy":"category","embeddable":true,"href":"https:\/\/www.rijeka.hr\/it\/wp-json\/wp\/v2\/categories?post=20168"},{"taxonomy":"post_tag","embeddable":true,"href":"https:\/\/www.rijeka.hr\/it\/wp-json\/wp\/v2\/tags?post=20168"}],"curies":[{"name":"wp","href":"https:\/\/api.w.org\/{rel}","templated":true}]}}