{"id":20174,"date":"2026-01-21T15:00:31","date_gmt":"2026-01-21T14:00:31","guid":{"rendered":"https:\/\/www.rijeka.hr\/it\/?p=20174"},"modified":"2026-02-19T10:08:01","modified_gmt":"2026-02-19T09:08:01","slug":"rincic-in-accordo-con-i-librai-la-citta-sta-impostando-un-nuovo-sistema-di-sostegni-per-le-librerie","status":"publish","type":"post","link":"https:\/\/www.rijeka.hr\/it\/rincic-in-accordo-con-i-librai-la-citta-sta-impostando-un-nuovo-sistema-di-sostegni-per-le-librerie\/","title":{"rendered":"Rin\u010di\u0107: in accordo con i librai la Citt\u00e0 sta impostando un nuovo sistema di sostegni per le librerie"},"content":{"rendered":"<p>Ha evidenziato che la proposta prevede una soluzione nuova che tenga conto delle necessit\u00e0 dei librai, ma che a differenza della prassi adottata in passato sia pienamente conforme alle disposizioni normative. Ha sottolineato inoltre che la Citt\u00e0 desidera mantenere l\u2019attuale livello di attivit\u00e0 libraria ed editoriale, in particolare nel centro di Fiume e sostenere in modo continuativo il prosieguo delle attivit\u00e0 nei vani situati in Corso.<\/p>\n<p>\u201cSiamo consapevoli delle reazioni suscitate dalla mancata proroga della misura in parola e ammetto che il clima creatosi ci ha stimolato ad approfondire con la massima seriet\u00e0 lo stato dell\u2019arte in fatto di gestione dei vani d\u2019affari in generale e di quelli adibiti a librerie in particolare\u201d, ha detto la sindaca.<\/p>\n<p><a href=\"https:\/\/www.rijeka.hr\/it\/wp-content\/uploads\/sites\/3\/2026\/02\/Konferenza-stampa-Vivoda-Rincic.jpg\" data-rel=\"lightbox-image-0\" data-rl_title=\"\" data-rl_caption=\"\" title=\"\"><img loading=\"lazy\" decoding=\"async\" width=\"600\" height=\"400\" class=\"wp-image-20177 size-medium alignright\" src=\"https:\/\/www.rijeka.hr\/it\/wp-content\/uploads\/sites\/3\/2026\/02\/Konferenza-stampa-Vivoda-Rincic-600x400.jpg\" alt=\"Konferenza stampa-Vivoda, Rincic\" srcset=\"https:\/\/www.rijeka.hr\/it\/wp-content\/uploads\/sites\/3\/2026\/02\/Konferenza-stampa-Vivoda-Rincic-600x400.jpg 600w, https:\/\/www.rijeka.hr\/it\/wp-content\/uploads\/sites\/3\/2026\/02\/Konferenza-stampa-Vivoda-Rincic-1200x800.jpg 1200w, https:\/\/www.rijeka.hr\/it\/wp-content\/uploads\/sites\/3\/2026\/02\/Konferenza-stampa-Vivoda-Rincic-768x512.jpg 768w, https:\/\/www.rijeka.hr\/it\/wp-content\/uploads\/sites\/3\/2026\/02\/Konferenza-stampa-Vivoda-Rincic-1536x1024.jpg 1536w, https:\/\/www.rijeka.hr\/it\/wp-content\/uploads\/sites\/3\/2026\/02\/Konferenza-stampa-Vivoda-Rincic-900x600.jpg 900w, https:\/\/www.rijeka.hr\/it\/wp-content\/uploads\/sites\/3\/2026\/02\/Konferenza-stampa-Vivoda-Rincic.jpg 1600w\" sizes=\"(max-width: 600px) 100vw, 600px\" \/><\/a>Soffermandosi sui concerti di Marko Perkovi\u0107 Thompson, che si terranno a Fiume a febbraio, la sindaca ha dichiarato che nel corso degli incontri avuti con gli organizzatori \u00e8 stato esplicitamente evidenziato l\u2019obbligo di rispetto delle leggi nonch\u00e9 delle disposizioni sull\u2019ordine e la quiete pubblica. Ha evidenziato di aspettarsi un comportamento responsabile da parte di tutte le persone coinvolte, confermando che la Citt\u00e0 di Fiume collaborer\u00e0 con tutti gli organi competenti in materia.<\/p>\n<p>Affrontando il tema dei graffiti che riportano messaggi d\u2019odio, la sindaca ha rimarcato che la Citt\u00e0 di Fiume non tollerer\u00e0 messaggi ispirati al linguaggio dell\u2019odio nelle aree pubbliche. Il Dipartimento per il sistema comunale e il traffico \u00e8 stato incaricato di mappare i siti nei quali ci sono graffiti il cui contenuto \u00e8 inaccettabile e di organizzare la rimozione degli stessi con procedura d\u2019urgenza. In quanto a tempistiche la sindaca ha detto di aspettarsi che le attivit\u00e0 di rimozione vengano avviate gi\u00e0 la settimana prossima.<\/p>\n<p>\u201cAttualmente possiamo contare su sporadiche segnalazioni dei cittadini, ma intendiamo affrontare la questione in modo sistematico\u201d, ha detto la sindaca, ponendo l\u2019accento su una data simbolica: il 27 gennaio, Giornata Mondiale di Commemorazione in Memoria delle Vittime dell&#8217;Olocausto e di condanna dei crimini contro l\u2019umanit\u00e0. Non si tratta di una questione limitata al decoro cittadino, bens\u00ec della volont\u00e0 di trasmettere un messaggio chiaro: Fiume non accetta il linguaggio dell\u2019odio, che non pu\u00f2 essere giustificato e che non sar\u00e0 tollerato.<\/p>\n<p><a href=\"https:\/\/www.rijeka.hr\/it\/wp-content\/uploads\/sites\/3\/2026\/02\/Konferenza-stampa-Rincic-MilakovicVivoda.jpg\" data-rel=\"lightbox-image-1\" data-rl_title=\"\" data-rl_caption=\"\" title=\"\"><img loading=\"lazy\" decoding=\"async\" class=\"alignleft wp-image-20178 size-medium\" src=\"https:\/\/www.rijeka.hr\/it\/wp-content\/uploads\/sites\/3\/2026\/02\/Konferenza-stampa-Rincic-MilakovicVivoda-600x400.jpg\" alt=\"Konferenza stampa-Vivoda, Rincic\" width=\"600\" height=\"400\" srcset=\"https:\/\/www.rijeka.hr\/it\/wp-content\/uploads\/sites\/3\/2026\/02\/Konferenza-stampa-Rincic-MilakovicVivoda-600x400.jpg 600w, https:\/\/www.rijeka.hr\/it\/wp-content\/uploads\/sites\/3\/2026\/02\/Konferenza-stampa-Rincic-MilakovicVivoda-768x512.jpg 768w, https:\/\/www.rijeka.hr\/it\/wp-content\/uploads\/sites\/3\/2026\/02\/Konferenza-stampa-Rincic-MilakovicVivoda.jpg 900w\" sizes=\"(max-width: 600px) 100vw, 600px\" \/><\/a>Ai sensi di una conclusione della sindaca \u00e8 stato bandito il Concorso pubblico per il finanziamento di progetti e programmi nei settori della sanit\u00e0, della previdenza sociale e dell\u2019innalzamento della qualit\u00e0 della vita nel 2026. Per l\u2019attuazione del programma sono assicurati complessivamente 965mila euro e i singoli progetti possono essere finanziati con importi compresi tra 1.000 e 150.000 euro, a seconda del settore d\u2019attivit\u00e0 e della loro portata.<\/p>\n<p>In materia di merende scolastiche la sindaca ha sottolineato che i menu standardizzati e bilanciati dal punto di vista nutrizionale rimangono in vigore perch\u00e9 si sono rivelati una soluzione buona e utile per i bambini.<\/p>\n<p>Ha evidenziato che vengono per\u00f2 modificate le modalit\u00e0 di acquisto degli alimenti \u2013 si rinuncia all\u2019acquisto unificato per le 25 scuole che operano a livello cittadino e in futuro saranno le singole scuole a gestire gli acquisti, fermo restando l\u2019obbligo di rispetto dei menu unificati e degli standard prescritti. In questo modo si mantiene il livello qualitativo dei pasti assicurando contestualmente alle scuole una maggiore flessibilit\u00e0 e la possibilit\u00e0 di adeguare la procedura di acquisto alle capacit\u00e0 organizzative.<\/p>\n<p>Si \u00e8 conclusa la procedura di assegnazione in affitto per un periodo di 15 anni di due appartamenti destinati a giovani famiglie. La Regione Litoraneo-montana ha cofinanziato con 39mila euro la ristrutturazione degli appartamenti, mentre la Citt\u00e0 di Fiume ne assicura la messa in funzione per l\u2019affitto socialmente sostenibile a lungo termine.<\/p>\n","protected":false},"excerpt":{"rendered":"<p>D\u2019intesa con i librai, si sta lavorando alla stesura di una nuova decisione sulla riduzione del canone di locazione dei vani cittadini situati nel centro cittadino e nei quali operano le librerie. A breve sar\u00e0 aperto il dibattito pubblico e di seguito sar\u00e0 trasmessa all\u2019attenzione del Consiglio municipale. Lo ha annunciato la sindaca Iva Rin\u010di\u0107 nel corso della conferenza stampa ordinaria.<\/p>\n","protected":false},"author":95,"featured_media":20175,"comment_status":"open","ping_status":"closed","sticky":false,"template":"","format":"standard","meta":{"_acf_changed":false,"_trash_the_other_posts":false,"footnotes":"","_links_to":"","_links_to_target":""},"categories":[416,1237,408],"tags":[2459],"class_list":["post-20174","post","type-post","status-publish","format-standard","has-post-thumbnail","hentry","category-collegio-del-sindaco","category-dipartimento-autogoverno-locale-e-amministrazione","category-sindaco","tag-collegio-della-sindaca"],"acf":[],"yoast_head":"<!-- This site is optimized with the Yoast SEO plugin v24.4 - https:\/\/yoast.com\/wordpress\/plugins\/seo\/ -->\n<title>Rin\u010di\u0107: in accordo con i librai la Citt\u00e0 sta impostando un nuovo sistema di sostegni per le librerie - Citt\u00e0 di Fiume<\/title>\n<meta name=\"robots\" content=\"index, follow, max-snippet:-1, max-image-preview:large, max-video-preview:-1\" \/>\n<link rel=\"canonical\" href=\"https:\/\/www.rijeka.hr\/it\/rincic-in-accordo-con-i-librai-la-citta-sta-impostando-un-nuovo-sistema-di-sostegni-per-le-librerie\/\" \/>\n<meta property=\"og:locale\" content=\"it_IT\" \/>\n<meta property=\"og:type\" content=\"article\" \/>\n<meta property=\"og:title\" content=\"Rin\u010di\u0107: in accordo con i librai la Citt\u00e0 sta impostando un nuovo sistema di sostegni per le librerie - Citt\u00e0 di Fiume\" \/>\n<meta property=\"og:description\" content=\"D\u2019intesa con i librai, si sta lavorando alla stesura di una nuova decisione sulla riduzione del canone di locazione dei vani cittadini situati nel centro cittadino e nei quali operano le librerie. A breve sar\u00e0 aperto il dibattito pubblico e di seguito sar\u00e0 trasmessa all\u2019attenzione del Consiglio municipale. Lo ha annunciato la sindaca Iva Rin\u010di\u0107 nel corso della conferenza stampa ordinaria.\" \/>\n<meta property=\"og:url\" content=\"https:\/\/www.rijeka.hr\/it\/rincic-in-accordo-con-i-librai-la-citta-sta-impostando-un-nuovo-sistema-di-sostegni-per-le-librerie\/\" \/>\n<meta property=\"og:site_name\" content=\"Citt\u00e0 di Fiume\" \/>\n<meta property=\"article:published_time\" content=\"2026-01-21T14:00:31+00:00\" \/>\n<meta property=\"article:modified_time\" content=\"2026-02-19T09:08:01+00:00\" \/>\n<meta property=\"og:image\" content=\"https:\/\/www.rijeka.hr\/it\/wp-content\/uploads\/sites\/3\/2026\/02\/Konferenza-stampa-Vivoda-Rincic-Milakovic.jpg\" \/>\n\t<meta property=\"og:image:width\" content=\"1600\" \/>\n\t<meta property=\"og:image:height\" content=\"1067\" \/>\n\t<meta property=\"og:image:type\" content=\"image\/jpeg\" \/>\n<meta name=\"author\" content=\"neva\" \/>\n<meta name=\"twitter:card\" content=\"summary_large_image\" \/>\n<meta name=\"twitter:label1\" content=\"Written by\" \/>\n\t<meta name=\"twitter:data1\" content=\"neva\" \/>\n\t<meta name=\"twitter:label2\" content=\"Est. reading time\" \/>\n\t<meta name=\"twitter:data2\" content=\"4 minutes\" \/>\n<script type=\"application\/ld+json\" class=\"yoast-schema-graph\">{\"@context\":\"https:\/\/schema.org\",\"@graph\":[{\"@type\":\"WebPage\",\"@id\":\"https:\/\/www.rijeka.hr\/it\/rincic-in-accordo-con-i-librai-la-citta-sta-impostando-un-nuovo-sistema-di-sostegni-per-le-librerie\/\",\"url\":\"https:\/\/www.rijeka.hr\/it\/rincic-in-accordo-con-i-librai-la-citta-sta-impostando-un-nuovo-sistema-di-sostegni-per-le-librerie\/\",\"name\":\"Rin\u010di\u0107: in accordo con i librai la Citt\u00e0 sta impostando un nuovo sistema di sostegni per le librerie - Citt\u00e0 di Fiume\",\"isPartOf\":{\"@id\":\"https:\/\/www.rijeka.hr\/it\/#website\"},\"primaryImageOfPage\":{\"@id\":\"https:\/\/www.rijeka.hr\/it\/rincic-in-accordo-con-i-librai-la-citta-sta-impostando-un-nuovo-sistema-di-sostegni-per-le-librerie\/#primaryimage\"},\"image\":{\"@id\":\"https:\/\/www.rijeka.hr\/it\/rincic-in-accordo-con-i-librai-la-citta-sta-impostando-un-nuovo-sistema-di-sostegni-per-le-librerie\/#primaryimage\"},\"thumbnailUrl\":\"https:\/\/www.rijeka.hr\/it\/wp-content\/uploads\/sites\/3\/2026\/02\/Konferenza-stampa-Vivoda-Rincic-Milakovic.jpg\",\"datePublished\":\"2026-01-21T14:00:31+00:00\",\"dateModified\":\"2026-02-19T09:08:01+00:00\",\"author\":{\"@id\":\"https:\/\/www.rijeka.hr\/it\/#\/schema\/person\/663e79531920a3de06256465dc9d948d\"},\"breadcrumb\":{\"@id\":\"https:\/\/www.rijeka.hr\/it\/rincic-in-accordo-con-i-librai-la-citta-sta-impostando-un-nuovo-sistema-di-sostegni-per-le-librerie\/#breadcrumb\"},\"inLanguage\":\"it-IT\",\"potentialAction\":[{\"@type\":\"ReadAction\",\"target\":[\"https:\/\/www.rijeka.hr\/it\/rincic-in-accordo-con-i-librai-la-citta-sta-impostando-un-nuovo-sistema-di-sostegni-per-le-librerie\/\"]}]},{\"@type\":\"ImageObject\",\"inLanguage\":\"it-IT\",\"@id\":\"https:\/\/www.rijeka.hr\/it\/rincic-in-accordo-con-i-librai-la-citta-sta-impostando-un-nuovo-sistema-di-sostegni-per-le-librerie\/#primaryimage\",\"url\":\"https:\/\/www.rijeka.hr\/it\/wp-content\/uploads\/sites\/3\/2026\/02\/Konferenza-stampa-Vivoda-Rincic-Milakovic.jpg\",\"contentUrl\":\"https:\/\/www.rijeka.hr\/it\/wp-content\/uploads\/sites\/3\/2026\/02\/Konferenza-stampa-Vivoda-Rincic-Milakovic.jpg\",\"width\":1600,\"height\":1067,\"caption\":\"Konferenza stampa-Vivoda, Rincic, Milakovic\"},{\"@type\":\"BreadcrumbList\",\"@id\":\"https:\/\/www.rijeka.hr\/it\/rincic-in-accordo-con-i-librai-la-citta-sta-impostando-un-nuovo-sistema-di-sostegni-per-le-librerie\/#breadcrumb\",\"itemListElement\":[{\"@type\":\"ListItem\",\"position\":1,\"name\":\"Po\u010detna stranica\",\"item\":\"https:\/\/www.rijeka.hr\/it\/\"},{\"@type\":\"ListItem\",\"position\":2,\"name\":\"Rin\u010di\u0107: in accordo con i librai la Citt\u00e0 sta impostando un nuovo sistema di sostegni per le librerie\"}]},{\"@type\":\"WebSite\",\"@id\":\"https:\/\/www.rijeka.hr\/it\/#website\",\"url\":\"https:\/\/www.rijeka.hr\/it\/\",\"name\":\"Citt\u00e0 di Fiume\",\"description\":\"Portale web della Citta&#039; di Fiume\",\"potentialAction\":[{\"@type\":\"SearchAction\",\"target\":{\"@type\":\"EntryPoint\",\"urlTemplate\":\"https:\/\/www.rijeka.hr\/it\/?s={search_term_string}\"},\"query-input\":{\"@type\":\"PropertyValueSpecification\",\"valueRequired\":true,\"valueName\":\"search_term_string\"}}],\"inLanguage\":\"it-IT\"},{\"@type\":\"Person\",\"@id\":\"https:\/\/www.rijeka.hr\/it\/#\/schema\/person\/663e79531920a3de06256465dc9d948d\",\"name\":\"neva\",\"image\":{\"@type\":\"ImageObject\",\"inLanguage\":\"it-IT\",\"@id\":\"https:\/\/www.rijeka.hr\/it\/#\/schema\/person\/image\/\",\"url\":\"https:\/\/secure.gravatar.com\/avatar\/b8343288b57bef5feb410c8a30ef5680?s=96&d=mm&r=g\",\"contentUrl\":\"https:\/\/secure.gravatar.com\/avatar\/b8343288b57bef5feb410c8a30ef5680?s=96&d=mm&r=g\",\"caption\":\"neva\"},\"sameAs\":[\"https:\/\/www.rijeka.hr\/\"],\"url\":\"https:\/\/www.rijeka.hr\/it\/author\/neva\/\"}]}<\/script>\n<!-- \/ Yoast SEO plugin. -->","yoast_head_json":{"title":"Rin\u010di\u0107: in accordo con i librai la Citt\u00e0 sta impostando un nuovo sistema di sostegni per le librerie - Citt\u00e0 di Fiume","robots":{"index":"index","follow":"follow","max-snippet":"max-snippet:-1","max-image-preview":"max-image-preview:large","max-video-preview":"max-video-preview:-1"},"canonical":"https:\/\/www.rijeka.hr\/it\/rincic-in-accordo-con-i-librai-la-citta-sta-impostando-un-nuovo-sistema-di-sostegni-per-le-librerie\/","og_locale":"it_IT","og_type":"article","og_title":"Rin\u010di\u0107: in accordo con i librai la Citt\u00e0 sta impostando un nuovo sistema di sostegni per le librerie - Citt\u00e0 di Fiume","og_description":"D\u2019intesa con i librai, si sta lavorando alla stesura di una nuova decisione sulla riduzione del canone di locazione dei vani cittadini situati nel centro cittadino e nei quali operano le librerie. A breve sar\u00e0 aperto il dibattito pubblico e di seguito sar\u00e0 trasmessa all\u2019attenzione del Consiglio municipale. Lo ha annunciato la sindaca Iva Rin\u010di\u0107 nel corso della conferenza stampa ordinaria.","og_url":"https:\/\/www.rijeka.hr\/it\/rincic-in-accordo-con-i-librai-la-citta-sta-impostando-un-nuovo-sistema-di-sostegni-per-le-librerie\/","og_site_name":"Citt\u00e0 di Fiume","article_published_time":"2026-01-21T14:00:31+00:00","article_modified_time":"2026-02-19T09:08:01+00:00","og_image":[{"width":1600,"height":1067,"url":"https:\/\/www.rijeka.hr\/it\/wp-content\/uploads\/sites\/3\/2026\/02\/Konferenza-stampa-Vivoda-Rincic-Milakovic.jpg","type":"image\/jpeg"}],"author":"neva","twitter_card":"summary_large_image","twitter_misc":{"Written by":"neva","Est. reading time":"4 minutes"},"schema":{"@context":"https:\/\/schema.org","@graph":[{"@type":"WebPage","@id":"https:\/\/www.rijeka.hr\/it\/rincic-in-accordo-con-i-librai-la-citta-sta-impostando-un-nuovo-sistema-di-sostegni-per-le-librerie\/","url":"https:\/\/www.rijeka.hr\/it\/rincic-in-accordo-con-i-librai-la-citta-sta-impostando-un-nuovo-sistema-di-sostegni-per-le-librerie\/","name":"Rin\u010di\u0107: in accordo con i librai la Citt\u00e0 sta impostando un nuovo sistema di sostegni per le librerie - Citt\u00e0 di Fiume","isPartOf":{"@id":"https:\/\/www.rijeka.hr\/it\/#website"},"primaryImageOfPage":{"@id":"https:\/\/www.rijeka.hr\/it\/rincic-in-accordo-con-i-librai-la-citta-sta-impostando-un-nuovo-sistema-di-sostegni-per-le-librerie\/#primaryimage"},"image":{"@id":"https:\/\/www.rijeka.hr\/it\/rincic-in-accordo-con-i-librai-la-citta-sta-impostando-un-nuovo-sistema-di-sostegni-per-le-librerie\/#primaryimage"},"thumbnailUrl":"https:\/\/www.rijeka.hr\/it\/wp-content\/uploads\/sites\/3\/2026\/02\/Konferenza-stampa-Vivoda-Rincic-Milakovic.jpg","datePublished":"2026-01-21T14:00:31+00:00","dateModified":"2026-02-19T09:08:01+00:00","author":{"@id":"https:\/\/www.rijeka.hr\/it\/#\/schema\/person\/663e79531920a3de06256465dc9d948d"},"breadcrumb":{"@id":"https:\/\/www.rijeka.hr\/it\/rincic-in-accordo-con-i-librai-la-citta-sta-impostando-un-nuovo-sistema-di-sostegni-per-le-librerie\/#breadcrumb"},"inLanguage":"it-IT","potentialAction":[{"@type":"ReadAction","target":["https:\/\/www.rijeka.hr\/it\/rincic-in-accordo-con-i-librai-la-citta-sta-impostando-un-nuovo-sistema-di-sostegni-per-le-librerie\/"]}]},{"@type":"ImageObject","inLanguage":"it-IT","@id":"https:\/\/www.rijeka.hr\/it\/rincic-in-accordo-con-i-librai-la-citta-sta-impostando-un-nuovo-sistema-di-sostegni-per-le-librerie\/#primaryimage","url":"https:\/\/www.rijeka.hr\/it\/wp-content\/uploads\/sites\/3\/2026\/02\/Konferenza-stampa-Vivoda-Rincic-Milakovic.jpg","contentUrl":"https:\/\/www.rijeka.hr\/it\/wp-content\/uploads\/sites\/3\/2026\/02\/Konferenza-stampa-Vivoda-Rincic-Milakovic.jpg","width":1600,"height":1067,"caption":"Konferenza stampa-Vivoda, Rincic, Milakovic"},{"@type":"BreadcrumbList","@id":"https:\/\/www.rijeka.hr\/it\/rincic-in-accordo-con-i-librai-la-citta-sta-impostando-un-nuovo-sistema-di-sostegni-per-le-librerie\/#breadcrumb","itemListElement":[{"@type":"ListItem","position":1,"name":"Po\u010detna stranica","item":"https:\/\/www.rijeka.hr\/it\/"},{"@type":"ListItem","position":2,"name":"Rin\u010di\u0107: in accordo con i librai la Citt\u00e0 sta impostando un nuovo sistema di sostegni per le librerie"}]},{"@type":"WebSite","@id":"https:\/\/www.rijeka.hr\/it\/#website","url":"https:\/\/www.rijeka.hr\/it\/","name":"Citt\u00e0 di Fiume","description":"Portale web della Citta&#039; di Fiume","potentialAction":[{"@type":"SearchAction","target":{"@type":"EntryPoint","urlTemplate":"https:\/\/www.rijeka.hr\/it\/?s={search_term_string}"},"query-input":{"@type":"PropertyValueSpecification","valueRequired":true,"valueName":"search_term_string"}}],"inLanguage":"it-IT"},{"@type":"Person","@id":"https:\/\/www.rijeka.hr\/it\/#\/schema\/person\/663e79531920a3de06256465dc9d948d","name":"neva","image":{"@type":"ImageObject","inLanguage":"it-IT","@id":"https:\/\/www.rijeka.hr\/it\/#\/schema\/person\/image\/","url":"https:\/\/secure.gravatar.com\/avatar\/b8343288b57bef5feb410c8a30ef5680?s=96&d=mm&r=g","contentUrl":"https:\/\/secure.gravatar.com\/avatar\/b8343288b57bef5feb410c8a30ef5680?s=96&d=mm&r=g","caption":"neva"},"sameAs":["https:\/\/www.rijeka.hr\/"],"url":"https:\/\/www.rijeka.hr\/it\/author\/neva\/"}]}},"_links":{"self":[{"href":"https:\/\/www.rijeka.hr\/it\/wp-json\/wp\/v2\/posts\/20174","targetHints":{"allow":["GET"]}}],"collection":[{"href":"https:\/\/www.rijeka.hr\/it\/wp-json\/wp\/v2\/posts"}],"about":[{"href":"https:\/\/www.rijeka.hr\/it\/wp-json\/wp\/v2\/types\/post"}],"author":[{"embeddable":true,"href":"https:\/\/www.rijeka.hr\/it\/wp-json\/wp\/v2\/users\/95"}],"replies":[{"embeddable":true,"href":"https:\/\/www.rijeka.hr\/it\/wp-json\/wp\/v2\/comments?post=20174"}],"version-history":[{"count":2,"href":"https:\/\/www.rijeka.hr\/it\/wp-json\/wp\/v2\/posts\/20174\/revisions"}],"predecessor-version":[{"id":20179,"href":"https:\/\/www.rijeka.hr\/it\/wp-json\/wp\/v2\/posts\/20174\/revisions\/20179"}],"wp:featuredmedia":[{"embeddable":true,"href":"https:\/\/www.rijeka.hr\/it\/wp-json\/wp\/v2\/media\/20175"}],"wp:attachment":[{"href":"https:\/\/www.rijeka.hr\/it\/wp-json\/wp\/v2\/media?parent=20174"}],"wp:term":[{"taxonomy":"category","embeddable":true,"href":"https:\/\/www.rijeka.hr\/it\/wp-json\/wp\/v2\/categories?post=20174"},{"taxonomy":"post_tag","embeddable":true,"href":"https:\/\/www.rijeka.hr\/it\/wp-json\/wp\/v2\/tags?post=20174"}],"curies":[{"name":"wp","href":"https:\/\/api.w.org\/{rel}","templated":true}]}}