{"id":20184,"date":"2026-02-04T15:16:02","date_gmt":"2026-02-04T14:16:02","guid":{"rendered":"https:\/\/www.rijeka.hr\/it\/?p=20184"},"modified":"2026-02-19T10:19:05","modified_gmt":"2026-02-19T09:19:05","slug":"rincic-nellinteresse-della-sicurezza-dei-cittadini-la-citta-di-fiume-rileva-lo-svolgimento-dei-lavori-urgenti-al-tetto-del-condominio-in-via-zanon-1","status":"publish","type":"post","link":"https:\/\/www.rijeka.hr\/it\/rincic-nellinteresse-della-sicurezza-dei-cittadini-la-citta-di-fiume-rileva-lo-svolgimento-dei-lavori-urgenti-al-tetto-del-condominio-in-via-zanon-1\/","title":{"rendered":"Rin\u010di\u0107: nell\u2019interesse della sicurezza dei cittadini, la Citt\u00e0 di Fiume rileva lo svolgimento dei lavori urgenti al tetto del condominio in via Zanon 1"},"content":{"rendered":"<p>Nella notte tra il 28 e il 29 novembre dell\u2019anno scorso nel condominio citato \u00e8 divampato un vasto incendio nel quale, purtroppo, hanno perso la vita due persone. Le fiamme hanno provocato gravi danni su un\u2019ampia parte del tetto e in numerosi appartamenti. Trascorsi pi\u00f9 di due mesi, nonostante l\u2019obbligo di legge a carico dell\u2019amministratore condominiale, i lavori urgenti non sono ancora iniziati.<\/p>\n<p>L\u2019amministratore condominiale del condominio in via Zanon 1 a Fiume \u00e8 la societ\u00e0 Rumat s.r.l. di Fiume.<\/p>\n<p>\u201cLa Citt\u00e0 di Fiume \u00e8 il condomino di maggioranza ed \u00e8 attivamente inclusa sin dal primo giorno nella definizione e nell\u2019attuazione delle misure di risanamento dei danni provocati dall\u2019incendio: individuazione di alloggi alternativi per gli inquilini, collaborazione con la societ\u00e0 assicuratrice, partecipazione alle riunioni condominiali, solleciti costanti a procedere d\u2019urgenza con i lavori di risanamento in modo tempestivo, professionale e finanziariamente responsabile. Purtroppo, in questo caso la Citt\u00e0 si \u00e8 dovuta confrontare con gravi problemi riscontrati nelle attivit\u00e0 dell\u2019amministratore condominiale \u2013 ritardi nell\u2019esecuzione dei lavori, procedure inconsistenti di raccolta delle offerte, insistenze a sottoscrivere contratti con un esecutore la cui offerta non era la pi\u00f9 conveniente ed emissione di fatture prive di tutta la documentazione prescritta\u201d, ha detto la sindaca.<\/p>\n<p>Inoltre, una parte del condominio non \u00e8 stata messa in sicurezza e pertanto ogni nuova precipitazione piovosa genera ulteriori danni. Il rischio per la sicurezza delle persone e del patrimonio \u00e8 tangibile e non pu\u00f2 essere ignorato.<\/p>\n<p><a href=\"https:\/\/www.rijeka.hr\/it\/wp-content\/uploads\/sites\/3\/2026\/02\/Konferenza-stampa-Vivoda-Rincic-Milakovic-1.jpg\" data-rel=\"lightbox-image-0\" data-rl_title=\"\" data-rl_caption=\"\" title=\"\"><img loading=\"lazy\" decoding=\"async\" width=\"600\" height=\"411\" class=\"alignright wp-image-20189 size-medium\" src=\"https:\/\/www.rijeka.hr\/it\/wp-content\/uploads\/sites\/3\/2026\/02\/Konferenza-stampa-Vivoda-Rincic-Milakovic-1-600x411.jpg\" alt=\"Konferenza stampa-Vivoda-Rincic-Milakovic\" srcset=\"https:\/\/www.rijeka.hr\/it\/wp-content\/uploads\/sites\/3\/2026\/02\/Konferenza-stampa-Vivoda-Rincic-Milakovic-1-600x411.jpg 600w, https:\/\/www.rijeka.hr\/it\/wp-content\/uploads\/sites\/3\/2026\/02\/Konferenza-stampa-Vivoda-Rincic-Milakovic-1-1200x823.jpg 1200w, https:\/\/www.rijeka.hr\/it\/wp-content\/uploads\/sites\/3\/2026\/02\/Konferenza-stampa-Vivoda-Rincic-Milakovic-1-768x527.jpg 768w, https:\/\/www.rijeka.hr\/it\/wp-content\/uploads\/sites\/3\/2026\/02\/Konferenza-stampa-Vivoda-Rincic-Milakovic-1-1536x1053.jpg 1536w, https:\/\/www.rijeka.hr\/it\/wp-content\/uploads\/sites\/3\/2026\/02\/Konferenza-stampa-Vivoda-Rincic-Milakovic-1-1167x800.jpg 1167w, https:\/\/www.rijeka.hr\/it\/wp-content\/uploads\/sites\/3\/2026\/02\/Konferenza-stampa-Vivoda-Rincic-Milakovic-1-583x400.jpg 583w, https:\/\/www.rijeka.hr\/it\/wp-content\/uploads\/sites\/3\/2026\/02\/Konferenza-stampa-Vivoda-Rincic-Milakovic-1-875x600.jpg 875w, https:\/\/www.rijeka.hr\/it\/wp-content\/uploads\/sites\/3\/2026\/02\/Konferenza-stampa-Vivoda-Rincic-Milakovic-1.jpg 1600w\" sizes=\"(max-width: 600px) 100vw, 600px\" \/><\/a>\u201cTenuto conto di quanto esposto la Citt\u00e0 di Fiume ha deciso, ai sensi della Legge sull\u2019amministrazione e la manutenzione dei condomini, di rilevare in veste di unit\u00e0 di autogoverno locale la competenza ad avviare i lavori urgenti di riparazione del tetto danneggiato nell\u2019incendio. La decisione \u00e8 stata presa onde evitare il verificarsi di danni ulteriori, per tutelare i cittadini e per garantire che i lavori vengano svolti in conformit\u00e0 al progetto principale, nel rispetto di un preventivo trasparente e con la supervisione di esperti.<\/p>\n<p>Nella prima fase i lavori saranno finanziati dal Bilancio della Citt\u00e0 di Fiume. Ai sensi della legge, a conclusione dei lavori la spesa sar\u00e0 coperta dai mezzi della riserva condominiale, ovvero dai condomini, proporzionalmente alla quota di propriet\u00e0. La Citt\u00e0 non pu\u00f2 rimanere in disparte ad osservare mentre il condominio presenta segni evidenti di degrado e le conseguenze dell\u2019inerzia di chi di competenza ricadono sulle spalle dei cittadini\u201d, ha evidenziato Rin\u010di\u0107.<\/p>\n<p>Tra le decisioni approvate in sede di collegio della sindaca, Rin\u010di\u0107 ha evidenziato la pubblicazione dell\u2019Invito pubblico per la presentazione di proposte per l\u2019assegnazione dei premi Citt\u00e0 di Fiume per il 2026 \u2013 il Premio Opera Omnia, la Targa d\u2019Oro \u201cStemma della Citt\u00e0 di Fiume\u201d e il Premio annuale. L\u2019invito \u00e8 pubblicato sulle pagine web della Citt\u00e0 di Fiume e rimane aperto fino al 2 marzo.<\/p>\n<p>Nel corso del collegio \u00e8 stata approvata anche una serie di decisioni inerenti al Programma sociale della Citt\u00e0 di Fiume e al sostegno materiale ai cittadini appartenenti alle categorie maggiormente a rischio.<\/p>\n<p>Anche nel 2026 la Citt\u00e0 di Fiume cofinanzier\u00e0 le spese per la corrente elettrica, il riscaldamento e il gas onde assicurare ai concittadini che versano in difficolt\u00e0 condizioni di vita sicure e dignitose. A seconda dello status sociale le sovvenzioni possono coprire anche il 100 per cento delle spese sostenute.<\/p>\n<p>Il Programma prevede anche l\u2019esonero totale dal pagamento delle spese per la raccolta dei rifiuti urbani, come pure la sovvenzione della spesa per i consumi idrici e le acque reflue. Inoltre, ai cittadini che versano in condizioni sociali a rischio \u00e8 assicurata la copertura delle spese di base per l\u2019organizzazione del funerale e la sepoltura nel campo comune.<\/p>\n<p>In sede di Collegio alla societ\u00e0 commerciale Energo \u00e8 stato concesso l\u2019assenso per un indebitamento a lungo termine nell\u2019importo di 970mila euro da destinare al prosieguo del ciclo d\u2019investimenti.<\/p>\n<p>Infine, \u00e8 stato aumentato il prezzo del lavoro degli assistenti nell\u2019insegnamento svolto nell\u2019ambito del progetto \u201cRInclusione \u2013 Modello fiumano di sostegno agli alunni con difficolt\u00e0\u201d da 7,50 a 8,25 euro al lordo a partire dal 1\u00ba gennaio 2026.<\/p>\n","protected":false},"excerpt":{"rendered":"<p>La Citt\u00e0 di Fiume rilever\u00e0 lo svolgimento dei lavori urgenti al tetto del condominio in via Zanon 1, gravemente danneggiato nell\u2019incendio divampato a fine novembre dell\u2019anno scorso. La decisione \u00e8 stata presa onde evitare danni ulteriori e rischi per la sicurezza dei cittadini tenuto conto che l\u2019amministratore condominiale non ha avviato i lavori urgenti necessari. Lo ha reso noto la sindaca Iva Rin\u010di\u0107.<\/p>\n","protected":false},"author":95,"featured_media":20186,"comment_status":"open","ping_status":"closed","sticky":false,"template":"","format":"standard","meta":{"_acf_changed":false,"_trash_the_other_posts":false,"footnotes":"","_links_to":"","_links_to_target":""},"categories":[416],"tags":[2459],"class_list":["post-20184","post","type-post","status-publish","format-standard","has-post-thumbnail","hentry","category-collegio-del-sindaco","tag-collegio-della-sindaca"],"acf":[],"yoast_head":"<!-- This site is optimized with the Yoast SEO plugin v24.4 - https:\/\/yoast.com\/wordpress\/plugins\/seo\/ -->\n<title>Rin\u010di\u0107: nell\u2019interesse della sicurezza dei cittadini, la Citt\u00e0 di Fiume rileva lo svolgimento dei lavori urgenti al tetto del condominio in via Zanon 1 - Citt\u00e0 di Fiume<\/title>\n<meta name=\"robots\" content=\"index, follow, max-snippet:-1, max-image-preview:large, max-video-preview:-1\" \/>\n<link rel=\"canonical\" href=\"https:\/\/www.rijeka.hr\/it\/rincic-nellinteresse-della-sicurezza-dei-cittadini-la-citta-di-fiume-rileva-lo-svolgimento-dei-lavori-urgenti-al-tetto-del-condominio-in-via-zanon-1\/\" \/>\n<meta property=\"og:locale\" content=\"it_IT\" \/>\n<meta property=\"og:type\" content=\"article\" \/>\n<meta property=\"og:title\" content=\"Rin\u010di\u0107: nell\u2019interesse della sicurezza dei cittadini, la Citt\u00e0 di Fiume rileva lo svolgimento dei lavori urgenti al tetto del condominio in via Zanon 1 - Citt\u00e0 di Fiume\" \/>\n<meta property=\"og:description\" content=\"La Citt\u00e0 di Fiume rilever\u00e0 lo svolgimento dei lavori urgenti al tetto del condominio in via Zanon 1, gravemente danneggiato nell\u2019incendio divampato a fine novembre dell\u2019anno scorso. La decisione \u00e8 stata presa onde evitare danni ulteriori e rischi per la sicurezza dei cittadini tenuto conto che l\u2019amministratore condominiale non ha avviato i lavori urgenti necessari. Lo ha reso noto la sindaca Iva Rin\u010di\u0107.\" \/>\n<meta property=\"og:url\" content=\"https:\/\/www.rijeka.hr\/it\/rincic-nellinteresse-della-sicurezza-dei-cittadini-la-citta-di-fiume-rileva-lo-svolgimento-dei-lavori-urgenti-al-tetto-del-condominio-in-via-zanon-1\/\" \/>\n<meta property=\"og:site_name\" content=\"Citt\u00e0 di Fiume\" \/>\n<meta property=\"article:published_time\" content=\"2026-02-04T14:16:02+00:00\" \/>\n<meta property=\"article:modified_time\" content=\"2026-02-19T09:19:05+00:00\" \/>\n<meta property=\"og:image\" content=\"https:\/\/www.rijeka.hr\/it\/wp-content\/uploads\/sites\/3\/2026\/02\/Konferenza-stampa-Rincic-Vivoda-i-Milakovic.jpg\" \/>\n\t<meta property=\"og:image:width\" content=\"886\" \/>\n\t<meta property=\"og:image:height\" content=\"600\" \/>\n\t<meta property=\"og:image:type\" content=\"image\/jpeg\" \/>\n<meta name=\"author\" content=\"neva\" \/>\n<meta name=\"twitter:card\" content=\"summary_large_image\" \/>\n<meta name=\"twitter:label1\" content=\"Written by\" \/>\n\t<meta name=\"twitter:data1\" content=\"neva\" \/>\n\t<meta name=\"twitter:label2\" content=\"Est. reading time\" \/>\n\t<meta name=\"twitter:data2\" content=\"4 minutes\" \/>\n<script type=\"application\/ld+json\" class=\"yoast-schema-graph\">{\"@context\":\"https:\/\/schema.org\",\"@graph\":[{\"@type\":\"WebPage\",\"@id\":\"https:\/\/www.rijeka.hr\/it\/rincic-nellinteresse-della-sicurezza-dei-cittadini-la-citta-di-fiume-rileva-lo-svolgimento-dei-lavori-urgenti-al-tetto-del-condominio-in-via-zanon-1\/\",\"url\":\"https:\/\/www.rijeka.hr\/it\/rincic-nellinteresse-della-sicurezza-dei-cittadini-la-citta-di-fiume-rileva-lo-svolgimento-dei-lavori-urgenti-al-tetto-del-condominio-in-via-zanon-1\/\",\"name\":\"Rin\u010di\u0107: nell\u2019interesse della sicurezza dei cittadini, la Citt\u00e0 di Fiume rileva lo svolgimento dei lavori urgenti al tetto del condominio in via Zanon 1 - Citt\u00e0 di Fiume\",\"isPartOf\":{\"@id\":\"https:\/\/www.rijeka.hr\/it\/#website\"},\"primaryImageOfPage\":{\"@id\":\"https:\/\/www.rijeka.hr\/it\/rincic-nellinteresse-della-sicurezza-dei-cittadini-la-citta-di-fiume-rileva-lo-svolgimento-dei-lavori-urgenti-al-tetto-del-condominio-in-via-zanon-1\/#primaryimage\"},\"image\":{\"@id\":\"https:\/\/www.rijeka.hr\/it\/rincic-nellinteresse-della-sicurezza-dei-cittadini-la-citta-di-fiume-rileva-lo-svolgimento-dei-lavori-urgenti-al-tetto-del-condominio-in-via-zanon-1\/#primaryimage\"},\"thumbnailUrl\":\"https:\/\/www.rijeka.hr\/it\/wp-content\/uploads\/sites\/3\/2026\/02\/Konferenza-stampa-Rincic-Vivoda-i-Milakovic.jpg\",\"datePublished\":\"2026-02-04T14:16:02+00:00\",\"dateModified\":\"2026-02-19T09:19:05+00:00\",\"author\":{\"@id\":\"https:\/\/www.rijeka.hr\/it\/#\/schema\/person\/663e79531920a3de06256465dc9d948d\"},\"breadcrumb\":{\"@id\":\"https:\/\/www.rijeka.hr\/it\/rincic-nellinteresse-della-sicurezza-dei-cittadini-la-citta-di-fiume-rileva-lo-svolgimento-dei-lavori-urgenti-al-tetto-del-condominio-in-via-zanon-1\/#breadcrumb\"},\"inLanguage\":\"it-IT\",\"potentialAction\":[{\"@type\":\"ReadAction\",\"target\":[\"https:\/\/www.rijeka.hr\/it\/rincic-nellinteresse-della-sicurezza-dei-cittadini-la-citta-di-fiume-rileva-lo-svolgimento-dei-lavori-urgenti-al-tetto-del-condominio-in-via-zanon-1\/\"]}]},{\"@type\":\"ImageObject\",\"inLanguage\":\"it-IT\",\"@id\":\"https:\/\/www.rijeka.hr\/it\/rincic-nellinteresse-della-sicurezza-dei-cittadini-la-citta-di-fiume-rileva-lo-svolgimento-dei-lavori-urgenti-al-tetto-del-condominio-in-via-zanon-1\/#primaryimage\",\"url\":\"https:\/\/www.rijeka.hr\/it\/wp-content\/uploads\/sites\/3\/2026\/02\/Konferenza-stampa-Rincic-Vivoda-i-Milakovic.jpg\",\"contentUrl\":\"https:\/\/www.rijeka.hr\/it\/wp-content\/uploads\/sites\/3\/2026\/02\/Konferenza-stampa-Rincic-Vivoda-i-Milakovic.jpg\",\"width\":886,\"height\":600,\"caption\":\"Konferenza stampa-Rincic-Vivoda-i-Milakovic\"},{\"@type\":\"BreadcrumbList\",\"@id\":\"https:\/\/www.rijeka.hr\/it\/rincic-nellinteresse-della-sicurezza-dei-cittadini-la-citta-di-fiume-rileva-lo-svolgimento-dei-lavori-urgenti-al-tetto-del-condominio-in-via-zanon-1\/#breadcrumb\",\"itemListElement\":[{\"@type\":\"ListItem\",\"position\":1,\"name\":\"Po\u010detna stranica\",\"item\":\"https:\/\/www.rijeka.hr\/it\/\"},{\"@type\":\"ListItem\",\"position\":2,\"name\":\"Rin\u010di\u0107: nell\u2019interesse della sicurezza dei cittadini, la Citt\u00e0 di Fiume rileva lo svolgimento dei lavori urgenti al tetto del condominio in via Zanon 1\"}]},{\"@type\":\"WebSite\",\"@id\":\"https:\/\/www.rijeka.hr\/it\/#website\",\"url\":\"https:\/\/www.rijeka.hr\/it\/\",\"name\":\"Citt\u00e0 di Fiume\",\"description\":\"Portale web della Citta&#039; di Fiume\",\"potentialAction\":[{\"@type\":\"SearchAction\",\"target\":{\"@type\":\"EntryPoint\",\"urlTemplate\":\"https:\/\/www.rijeka.hr\/it\/?s={search_term_string}\"},\"query-input\":{\"@type\":\"PropertyValueSpecification\",\"valueRequired\":true,\"valueName\":\"search_term_string\"}}],\"inLanguage\":\"it-IT\"},{\"@type\":\"Person\",\"@id\":\"https:\/\/www.rijeka.hr\/it\/#\/schema\/person\/663e79531920a3de06256465dc9d948d\",\"name\":\"neva\",\"image\":{\"@type\":\"ImageObject\",\"inLanguage\":\"it-IT\",\"@id\":\"https:\/\/www.rijeka.hr\/it\/#\/schema\/person\/image\/\",\"url\":\"https:\/\/secure.gravatar.com\/avatar\/b8343288b57bef5feb410c8a30ef5680?s=96&d=mm&r=g\",\"contentUrl\":\"https:\/\/secure.gravatar.com\/avatar\/b8343288b57bef5feb410c8a30ef5680?s=96&d=mm&r=g\",\"caption\":\"neva\"},\"sameAs\":[\"https:\/\/www.rijeka.hr\/\"],\"url\":\"https:\/\/www.rijeka.hr\/it\/author\/neva\/\"}]}<\/script>\n<!-- \/ Yoast SEO plugin. -->","yoast_head_json":{"title":"Rin\u010di\u0107: nell\u2019interesse della sicurezza dei cittadini, la Citt\u00e0 di Fiume rileva lo svolgimento dei lavori urgenti al tetto del condominio in via Zanon 1 - Citt\u00e0 di Fiume","robots":{"index":"index","follow":"follow","max-snippet":"max-snippet:-1","max-image-preview":"max-image-preview:large","max-video-preview":"max-video-preview:-1"},"canonical":"https:\/\/www.rijeka.hr\/it\/rincic-nellinteresse-della-sicurezza-dei-cittadini-la-citta-di-fiume-rileva-lo-svolgimento-dei-lavori-urgenti-al-tetto-del-condominio-in-via-zanon-1\/","og_locale":"it_IT","og_type":"article","og_title":"Rin\u010di\u0107: nell\u2019interesse della sicurezza dei cittadini, la Citt\u00e0 di Fiume rileva lo svolgimento dei lavori urgenti al tetto del condominio in via Zanon 1 - Citt\u00e0 di Fiume","og_description":"La Citt\u00e0 di Fiume rilever\u00e0 lo svolgimento dei lavori urgenti al tetto del condominio in via Zanon 1, gravemente danneggiato nell\u2019incendio divampato a fine novembre dell\u2019anno scorso. La decisione \u00e8 stata presa onde evitare danni ulteriori e rischi per la sicurezza dei cittadini tenuto conto che l\u2019amministratore condominiale non ha avviato i lavori urgenti necessari. Lo ha reso noto la sindaca Iva Rin\u010di\u0107.","og_url":"https:\/\/www.rijeka.hr\/it\/rincic-nellinteresse-della-sicurezza-dei-cittadini-la-citta-di-fiume-rileva-lo-svolgimento-dei-lavori-urgenti-al-tetto-del-condominio-in-via-zanon-1\/","og_site_name":"Citt\u00e0 di Fiume","article_published_time":"2026-02-04T14:16:02+00:00","article_modified_time":"2026-02-19T09:19:05+00:00","og_image":[{"width":886,"height":600,"url":"https:\/\/www.rijeka.hr\/it\/wp-content\/uploads\/sites\/3\/2026\/02\/Konferenza-stampa-Rincic-Vivoda-i-Milakovic.jpg","type":"image\/jpeg"}],"author":"neva","twitter_card":"summary_large_image","twitter_misc":{"Written by":"neva","Est. reading time":"4 minutes"},"schema":{"@context":"https:\/\/schema.org","@graph":[{"@type":"WebPage","@id":"https:\/\/www.rijeka.hr\/it\/rincic-nellinteresse-della-sicurezza-dei-cittadini-la-citta-di-fiume-rileva-lo-svolgimento-dei-lavori-urgenti-al-tetto-del-condominio-in-via-zanon-1\/","url":"https:\/\/www.rijeka.hr\/it\/rincic-nellinteresse-della-sicurezza-dei-cittadini-la-citta-di-fiume-rileva-lo-svolgimento-dei-lavori-urgenti-al-tetto-del-condominio-in-via-zanon-1\/","name":"Rin\u010di\u0107: nell\u2019interesse della sicurezza dei cittadini, la Citt\u00e0 di Fiume rileva lo svolgimento dei lavori urgenti al tetto del condominio in via Zanon 1 - Citt\u00e0 di Fiume","isPartOf":{"@id":"https:\/\/www.rijeka.hr\/it\/#website"},"primaryImageOfPage":{"@id":"https:\/\/www.rijeka.hr\/it\/rincic-nellinteresse-della-sicurezza-dei-cittadini-la-citta-di-fiume-rileva-lo-svolgimento-dei-lavori-urgenti-al-tetto-del-condominio-in-via-zanon-1\/#primaryimage"},"image":{"@id":"https:\/\/www.rijeka.hr\/it\/rincic-nellinteresse-della-sicurezza-dei-cittadini-la-citta-di-fiume-rileva-lo-svolgimento-dei-lavori-urgenti-al-tetto-del-condominio-in-via-zanon-1\/#primaryimage"},"thumbnailUrl":"https:\/\/www.rijeka.hr\/it\/wp-content\/uploads\/sites\/3\/2026\/02\/Konferenza-stampa-Rincic-Vivoda-i-Milakovic.jpg","datePublished":"2026-02-04T14:16:02+00:00","dateModified":"2026-02-19T09:19:05+00:00","author":{"@id":"https:\/\/www.rijeka.hr\/it\/#\/schema\/person\/663e79531920a3de06256465dc9d948d"},"breadcrumb":{"@id":"https:\/\/www.rijeka.hr\/it\/rincic-nellinteresse-della-sicurezza-dei-cittadini-la-citta-di-fiume-rileva-lo-svolgimento-dei-lavori-urgenti-al-tetto-del-condominio-in-via-zanon-1\/#breadcrumb"},"inLanguage":"it-IT","potentialAction":[{"@type":"ReadAction","target":["https:\/\/www.rijeka.hr\/it\/rincic-nellinteresse-della-sicurezza-dei-cittadini-la-citta-di-fiume-rileva-lo-svolgimento-dei-lavori-urgenti-al-tetto-del-condominio-in-via-zanon-1\/"]}]},{"@type":"ImageObject","inLanguage":"it-IT","@id":"https:\/\/www.rijeka.hr\/it\/rincic-nellinteresse-della-sicurezza-dei-cittadini-la-citta-di-fiume-rileva-lo-svolgimento-dei-lavori-urgenti-al-tetto-del-condominio-in-via-zanon-1\/#primaryimage","url":"https:\/\/www.rijeka.hr\/it\/wp-content\/uploads\/sites\/3\/2026\/02\/Konferenza-stampa-Rincic-Vivoda-i-Milakovic.jpg","contentUrl":"https:\/\/www.rijeka.hr\/it\/wp-content\/uploads\/sites\/3\/2026\/02\/Konferenza-stampa-Rincic-Vivoda-i-Milakovic.jpg","width":886,"height":600,"caption":"Konferenza stampa-Rincic-Vivoda-i-Milakovic"},{"@type":"BreadcrumbList","@id":"https:\/\/www.rijeka.hr\/it\/rincic-nellinteresse-della-sicurezza-dei-cittadini-la-citta-di-fiume-rileva-lo-svolgimento-dei-lavori-urgenti-al-tetto-del-condominio-in-via-zanon-1\/#breadcrumb","itemListElement":[{"@type":"ListItem","position":1,"name":"Po\u010detna stranica","item":"https:\/\/www.rijeka.hr\/it\/"},{"@type":"ListItem","position":2,"name":"Rin\u010di\u0107: nell\u2019interesse della sicurezza dei cittadini, la Citt\u00e0 di Fiume rileva lo svolgimento dei lavori urgenti al tetto del condominio in via Zanon 1"}]},{"@type":"WebSite","@id":"https:\/\/www.rijeka.hr\/it\/#website","url":"https:\/\/www.rijeka.hr\/it\/","name":"Citt\u00e0 di Fiume","description":"Portale web della Citta&#039; di Fiume","potentialAction":[{"@type":"SearchAction","target":{"@type":"EntryPoint","urlTemplate":"https:\/\/www.rijeka.hr\/it\/?s={search_term_string}"},"query-input":{"@type":"PropertyValueSpecification","valueRequired":true,"valueName":"search_term_string"}}],"inLanguage":"it-IT"},{"@type":"Person","@id":"https:\/\/www.rijeka.hr\/it\/#\/schema\/person\/663e79531920a3de06256465dc9d948d","name":"neva","image":{"@type":"ImageObject","inLanguage":"it-IT","@id":"https:\/\/www.rijeka.hr\/it\/#\/schema\/person\/image\/","url":"https:\/\/secure.gravatar.com\/avatar\/b8343288b57bef5feb410c8a30ef5680?s=96&d=mm&r=g","contentUrl":"https:\/\/secure.gravatar.com\/avatar\/b8343288b57bef5feb410c8a30ef5680?s=96&d=mm&r=g","caption":"neva"},"sameAs":["https:\/\/www.rijeka.hr\/"],"url":"https:\/\/www.rijeka.hr\/it\/author\/neva\/"}]}},"_links":{"self":[{"href":"https:\/\/www.rijeka.hr\/it\/wp-json\/wp\/v2\/posts\/20184","targetHints":{"allow":["GET"]}}],"collection":[{"href":"https:\/\/www.rijeka.hr\/it\/wp-json\/wp\/v2\/posts"}],"about":[{"href":"https:\/\/www.rijeka.hr\/it\/wp-json\/wp\/v2\/types\/post"}],"author":[{"embeddable":true,"href":"https:\/\/www.rijeka.hr\/it\/wp-json\/wp\/v2\/users\/95"}],"replies":[{"embeddable":true,"href":"https:\/\/www.rijeka.hr\/it\/wp-json\/wp\/v2\/comments?post=20184"}],"version-history":[{"count":3,"href":"https:\/\/www.rijeka.hr\/it\/wp-json\/wp\/v2\/posts\/20184\/revisions"}],"predecessor-version":[{"id":20190,"href":"https:\/\/www.rijeka.hr\/it\/wp-json\/wp\/v2\/posts\/20184\/revisions\/20190"}],"wp:featuredmedia":[{"embeddable":true,"href":"https:\/\/www.rijeka.hr\/it\/wp-json\/wp\/v2\/media\/20186"}],"wp:attachment":[{"href":"https:\/\/www.rijeka.hr\/it\/wp-json\/wp\/v2\/media?parent=20184"}],"wp:term":[{"taxonomy":"category","embeddable":true,"href":"https:\/\/www.rijeka.hr\/it\/wp-json\/wp\/v2\/categories?post=20184"},{"taxonomy":"post_tag","embeddable":true,"href":"https:\/\/www.rijeka.hr\/it\/wp-json\/wp\/v2\/tags?post=20184"}],"curies":[{"name":"wp","href":"https:\/\/api.w.org\/{rel}","templated":true}]}}