{"id":20191,"date":"2026-02-11T15:21:31","date_gmt":"2026-02-11T14:21:31","guid":{"rendered":"https:\/\/www.rijeka.hr\/it\/?p=20191"},"modified":"2026-02-19T10:27:37","modified_gmt":"2026-02-19T09:27:37","slug":"rincic-intensifichiamo-le-misure-a-contrasto-degli-atti-vandalici-i-nostri-partner-principali-sono-i-cittadini","status":"publish","type":"post","link":"https:\/\/www.rijeka.hr\/it\/rincic-intensifichiamo-le-misure-a-contrasto-degli-atti-vandalici-i-nostri-partner-principali-sono-i-cittadini\/","title":{"rendered":"Rin\u010di\u0107: intensifichiamo le misure a contrasto degli atti vandalici, i nostri partner principali sono i cittadini"},"content":{"rendered":"<div id=\"attachment_20194\" class=\"wp-caption alignright\"><a href=\"https:\/\/www.rijeka.hr\/it\/wp-content\/uploads\/sites\/3\/2026\/02\/Konferenza-stampa-Vivoda-Rincic-1.jpg\" data-rel=\"lightbox-image-0\" data-rl_title=\"\" data-rl_caption=\"\" title=\"\"><img loading=\"lazy\" decoding=\"async\" width=\"600\" height=\"400\" class=\"wp-image-20194 size-medium\" src=\"https:\/\/www.rijeka.hr\/it\/wp-content\/uploads\/sites\/3\/2026\/02\/Konferenza-stampa-Vivoda-Rincic-1-600x400.jpg\" alt=\"Konferenza stampa-Vivoda-Rincic\" srcset=\"https:\/\/www.rijeka.hr\/it\/wp-content\/uploads\/sites\/3\/2026\/02\/Konferenza-stampa-Vivoda-Rincic-1-600x400.jpg 600w, https:\/\/www.rijeka.hr\/it\/wp-content\/uploads\/sites\/3\/2026\/02\/Konferenza-stampa-Vivoda-Rincic-1-1200x800.jpg 1200w, https:\/\/www.rijeka.hr\/it\/wp-content\/uploads\/sites\/3\/2026\/02\/Konferenza-stampa-Vivoda-Rincic-1-768x512.jpg 768w, https:\/\/www.rijeka.hr\/it\/wp-content\/uploads\/sites\/3\/2026\/02\/Konferenza-stampa-Vivoda-Rincic-1-1536x1023.jpg 1536w, https:\/\/www.rijeka.hr\/it\/wp-content\/uploads\/sites\/3\/2026\/02\/Konferenza-stampa-Vivoda-Rincic-1-901x600.jpg 901w, https:\/\/www.rijeka.hr\/it\/wp-content\/uploads\/sites\/3\/2026\/02\/Konferenza-stampa-Vivoda-Rincic-1.jpg 1600w\" sizes=\"(max-width: 600px) 100vw, 600px\" \/><\/a><p class=\"wp-caption-text\">Vedran Vivoda, Iva Rin\u010di\u0107<\/p><\/div>\n<p>Tutte le grandi citt\u00e0 si confrontano con gli atti vandalici e Fiume non \u00e8 un\u2019eccezione, ha sottolineato la sindaca Iva Rin\u010di\u0107, aggiungendo che gli arredi urbani danneggiati, i graffiti, i campi da gioco distrutti e le affissioni illecite non determinano soltanto un danno d\u2019immagine alla citt\u00e0 bens\u00ec anche tangibili danni economici e, in una parte dei cittadini, senso di disagio.<\/p>\n<p>Il Piano d\u2019azione prevede misure preventive e repressive. \u201cIn alcune aree cittadine \u00e8 in funzione la videosorveglianza e ai sensi della Decisione sull\u2019ordine pubblico \u00e8 vietato imbrattare le aree e gli edifici pubblici. Le violazioni del divieto possono essere sanzionate con una multa di 132,72 euro. Va detto che i cittadini si aspettano \u2013 e anche noi lo auspichiamo \u2013 che a ogni violazione corrisponda una multa. Purtroppo, spesso emettere la sanzione non risulta semplice in quanto gli atti vandalici vengono commessi di regola in orario notturno e pertanto individuarne gli autori risulta tutt\u2019altro che facile. \u00c8 pertanto fondamentale la collaborazione con la Polizia\u201d, ha detto la sindaca.<\/p>\n<p>Per quanto attiene ai dati riferiti al 2025, l\u2019ordine pubblico \u00e8 stato monitorato in modo costante, sia per dovere d\u2019ufficio sia su segnalazione dei cittadini. Tramite l\u2019applicazione \u201cOcchio cittadino\u201d sono pervenute 4.558 segnalazioni rientranti in varie categorie. \u201cRingraziamo i cittadini che si sono inclusi e che hanno segnalato i danni riscontrati. Il loro senso di responsabilit\u00e0 e la loro collaborazione ci aiutano a risolvere il problema\u201d, ha aggiunto la sindaca.<\/p>\n<p>Parlando di atti vandalici, la maggior parte delle segnalazioni riguarda il danneggiamento dei giochi per bambini, dell\u2019arredo urbano e i graffiti. Questi ultimi vengono rimossi senza rinvio dalle superfici di propriet\u00e0 della citt\u00e0, mentre per quanto riguarda gli interventi su edifici privati \u00e8 necessario l\u2019assenso dei condomini e pertanto le procedure richiedono spesso tempi pi\u00f9 lunghi.<\/p>\n<p>Nel 2025 le azioni di risanamento dei danni provocati da atti vandalici e di quelli registrati sul patrimonio comunale hanno determinato una spesa di poco inferiore ai 38.000 euro. I costi sostenuti per la rimozione dei graffiti risultano in aumento rispetto all\u2019anno precedente.<\/p>\n<div id=\"attachment_20195\" class=\"wp-caption alignleft\"><a href=\"https:\/\/www.rijeka.hr\/it\/wp-content\/uploads\/sites\/3\/2026\/02\/Konferenza-stampa-Vivoda-Rincic-Milakovic-2-1.jpg\" data-rel=\"lightbox-image-1\" data-rl_title=\"\" data-rl_caption=\"\" title=\"\"><img loading=\"lazy\" decoding=\"async\" class=\"wp-image-20195 size-medium\" src=\"https:\/\/www.rijeka.hr\/it\/wp-content\/uploads\/sites\/3\/2026\/02\/Konferenza-stampa-Vivoda-Rincic-Milakovic-2-1-600x400.jpg\" alt=\"Konferenza stampa-Vivoda-Rincic-Milakovic 2\" width=\"600\" height=\"400\" srcset=\"https:\/\/www.rijeka.hr\/it\/wp-content\/uploads\/sites\/3\/2026\/02\/Konferenza-stampa-Vivoda-Rincic-Milakovic-2-1-600x400.jpg 600w, https:\/\/www.rijeka.hr\/it\/wp-content\/uploads\/sites\/3\/2026\/02\/Konferenza-stampa-Vivoda-Rincic-Milakovic-2-1-1200x800.jpg 1200w, https:\/\/www.rijeka.hr\/it\/wp-content\/uploads\/sites\/3\/2026\/02\/Konferenza-stampa-Vivoda-Rincic-Milakovic-2-1-768x512.jpg 768w, https:\/\/www.rijeka.hr\/it\/wp-content\/uploads\/sites\/3\/2026\/02\/Konferenza-stampa-Vivoda-Rincic-Milakovic-2-1-1536x1024.jpg 1536w, https:\/\/www.rijeka.hr\/it\/wp-content\/uploads\/sites\/3\/2026\/02\/Konferenza-stampa-Vivoda-Rincic-Milakovic-2-1-2048x1365.jpg 2048w, https:\/\/www.rijeka.hr\/it\/wp-content\/uploads\/sites\/3\/2026\/02\/Konferenza-stampa-Vivoda-Rincic-Milakovic-2-1-900x600.jpg 900w\" sizes=\"(max-width: 600px) 100vw, 600px\" \/><\/a><p class=\"wp-caption-text\">Vedran Vivoda, Iva Rin\u010di\u0107, Aleksandar-Sa\u0161a Milakovi\u0107<\/p><\/div>\n<p>\u201cOltre alle misure previste nel Piano d\u2019azione a contrasto degli atti vandalici vengono attuate anche misure straordinarie, in particolare la rimozione dei graffiti riportanti messaggi d\u2019odio. Cos\u00ec facendo non ci limitiamo soltanto a rendere la citt\u00e0 pi\u00f9 bella, bens\u00ec comunichiamo in modo chiaro che simili comportamenti e messaggi sono assolutamente inaccettabili\u201d, ha sottolineato la sindaca.<\/p>\n<p>I dipendenti del Dipartimento per il sistema comunale hanno perlustrato il centro cittadino, da Braida a Scoglietto, e hanno registrato 277 siti imbrattati da graffiti. Attualmente si sta lavorando alla rimozione dei graffiti di contenuto inappropriato in nove siti e le attivit\u00e0 proseguiranno anche in futuro.<\/p>\n<p>Sono state rimosse anche le scritte inadeguate comparse nei pressi della Scuola elementare Kantrida e dal palazzetto dello sport Dinko Lukari\u0107, ha reso noto Rin\u010di\u0107, precisando che la rimozione dei graffiti dalle facciate \u00e8 stata affidata a un collaboratore esterno con il quale \u00e8 stato sottoscritto un contratto. Al momento le attivit\u00e0 sono concentrate nel centro cittadino, ma se ne pianifica l\u2019estensione anche in altre aree della citt\u00e0. In futuro si proceder\u00e0 anche con la rimozione dei graffiti che non riportano messaggi d\u2019odio.<\/p>\n<p>La Citt\u00e0 di Fiume ha approvato la decisione sull\u2019assegnazione di 10.000 euro a Igor Bezinovi\u0107 per l\u2019eccellenza e i risultati raggiunti nell\u2019arte cinematografica, considerato il successo straordinario del film \u201cFiume o morte!\u201d, che a gennaio a Berlino ha vinto l\u2019European Film Award nella categoria Miglior documentario.<\/p>\n<p>Il premio \u201cAmbasciatoRI dell\u2019educazione e dell\u2019istruzione\u201d, che viene assegnato per valorizzare il contributo straordinario degli operatori didattici alla qualit\u00e0 e allo sviluppo nel settore dell\u2019educazione e dell\u2019istruzione \u00e8 andato quest\u2019anno a Snje\u017eana Horvat (Asilo Rijeka), Tatjana Mrakov\u010di\u0107 Bandera (SE Nikola Tesla) e a Nata\u0161a Tomljanovi\u0107 (Centro per l\u2019educazione e l\u2019istruzione).<\/p>\n<p>\u00c8 stato pubblicato l\u2019Invito pubblico per l\u2019assegnazione dei sostegni a fondo perduto per l\u2019organizzazione di eventi nel 2026. Con quest\u2019Invito si sostiene l\u2019organizzazione di eventi che contribuiscono alla promozione della citt\u00e0, al rafforzamento dei contenuti business e turistici, allo sviluppo dell\u2019imprenditoria e della competitivit\u00e0 dell\u2019economia locale. Per tale finalit\u00e0 sono assicurati a bilancio 50.000 euro e per un singolo progetto pu\u00f2 essere assegnato un sostegno nell\u2019importo compreso tra 1.000 e 7.000 euro. L\u2019Invito rimane aperto fino al 23 febbraio 2026.<\/p>\n","protected":false},"excerpt":{"rendered":"<p>\u201cOltre alle misure previste nel Piano d\u2019azione a contrasto degli atti vandalici vengono attuate anche misure straordinarie, in particolare vengono rimossi i graffiti riportanti messaggi d\u2019odio. Cos\u00ec facendo non ci limitiamo a rendere la citt\u00e0 pi\u00f9 bella, bens\u00ec comunichiamo in modo chiaro che simili comportamenti e messaggi sono assolutamente inaccettabili\u201d, ha rilevato la sindaca Iva Rin\u010di\u0107 in conferenza stampa.<\/p>\n","protected":false},"author":95,"featured_media":20192,"comment_status":"open","ping_status":"closed","sticky":false,"template":"","format":"standard","meta":{"_acf_changed":false,"_trash_the_other_posts":false,"footnotes":"","_links_to":"","_links_to_target":""},"categories":[416],"tags":[2459],"class_list":["post-20191","post","type-post","status-publish","format-standard","has-post-thumbnail","hentry","category-collegio-del-sindaco","tag-collegio-della-sindaca"],"acf":[],"yoast_head":"<!-- This site is optimized with the Yoast SEO plugin v24.4 - https:\/\/yoast.com\/wordpress\/plugins\/seo\/ -->\n<title>Rin\u010di\u0107: intensifichiamo le misure a contrasto degli atti vandalici, i nostri partner principali sono i cittadini - Citt\u00e0 di Fiume<\/title>\n<meta name=\"robots\" content=\"index, follow, max-snippet:-1, max-image-preview:large, max-video-preview:-1\" \/>\n<link rel=\"canonical\" href=\"https:\/\/www.rijeka.hr\/it\/rincic-intensifichiamo-le-misure-a-contrasto-degli-atti-vandalici-i-nostri-partner-principali-sono-i-cittadini\/\" \/>\n<meta property=\"og:locale\" content=\"it_IT\" \/>\n<meta property=\"og:type\" content=\"article\" \/>\n<meta property=\"og:title\" content=\"Rin\u010di\u0107: intensifichiamo le misure a contrasto degli atti vandalici, i nostri partner principali sono i cittadini - Citt\u00e0 di Fiume\" \/>\n<meta property=\"og:description\" content=\"\u201cOltre alle misure previste nel Piano d\u2019azione a contrasto degli atti vandalici vengono attuate anche misure straordinarie, in particolare vengono rimossi i graffiti riportanti messaggi d\u2019odio. Cos\u00ec facendo non ci limitiamo a rendere la citt\u00e0 pi\u00f9 bella, bens\u00ec comunichiamo in modo chiaro che simili comportamenti e messaggi sono assolutamente inaccettabili\u201d, ha rilevato la sindaca Iva Rin\u010di\u0107 in conferenza stampa.\" \/>\n<meta property=\"og:url\" content=\"https:\/\/www.rijeka.hr\/it\/rincic-intensifichiamo-le-misure-a-contrasto-degli-atti-vandalici-i-nostri-partner-principali-sono-i-cittadini\/\" \/>\n<meta property=\"og:site_name\" content=\"Citt\u00e0 di Fiume\" \/>\n<meta property=\"article:published_time\" content=\"2026-02-11T14:21:31+00:00\" \/>\n<meta property=\"article:modified_time\" content=\"2026-02-19T09:27:37+00:00\" \/>\n<meta property=\"og:image\" content=\"https:\/\/www.rijeka.hr\/it\/wp-content\/uploads\/sites\/3\/2026\/02\/Konferenza-stampa-Vivoda-Rincic-Milakovic-2.jpg\" \/>\n\t<meta property=\"og:image:width\" content=\"901\" \/>\n\t<meta property=\"og:image:height\" content=\"600\" \/>\n\t<meta property=\"og:image:type\" content=\"image\/jpeg\" \/>\n<meta name=\"author\" content=\"neva\" \/>\n<meta name=\"twitter:card\" content=\"summary_large_image\" \/>\n<meta name=\"twitter:label1\" content=\"Written by\" \/>\n\t<meta name=\"twitter:data1\" content=\"neva\" \/>\n\t<meta name=\"twitter:label2\" content=\"Est. reading time\" \/>\n\t<meta name=\"twitter:data2\" content=\"5 minutes\" \/>\n<script type=\"application\/ld+json\" class=\"yoast-schema-graph\">{\"@context\":\"https:\/\/schema.org\",\"@graph\":[{\"@type\":\"WebPage\",\"@id\":\"https:\/\/www.rijeka.hr\/it\/rincic-intensifichiamo-le-misure-a-contrasto-degli-atti-vandalici-i-nostri-partner-principali-sono-i-cittadini\/\",\"url\":\"https:\/\/www.rijeka.hr\/it\/rincic-intensifichiamo-le-misure-a-contrasto-degli-atti-vandalici-i-nostri-partner-principali-sono-i-cittadini\/\",\"name\":\"Rin\u010di\u0107: intensifichiamo le misure a contrasto degli atti vandalici, i nostri partner principali sono i cittadini - Citt\u00e0 di Fiume\",\"isPartOf\":{\"@id\":\"https:\/\/www.rijeka.hr\/it\/#website\"},\"primaryImageOfPage\":{\"@id\":\"https:\/\/www.rijeka.hr\/it\/rincic-intensifichiamo-le-misure-a-contrasto-degli-atti-vandalici-i-nostri-partner-principali-sono-i-cittadini\/#primaryimage\"},\"image\":{\"@id\":\"https:\/\/www.rijeka.hr\/it\/rincic-intensifichiamo-le-misure-a-contrasto-degli-atti-vandalici-i-nostri-partner-principali-sono-i-cittadini\/#primaryimage\"},\"thumbnailUrl\":\"https:\/\/www.rijeka.hr\/it\/wp-content\/uploads\/sites\/3\/2026\/02\/Konferenza-stampa-Vivoda-Rincic-Milakovic-2.jpg\",\"datePublished\":\"2026-02-11T14:21:31+00:00\",\"dateModified\":\"2026-02-19T09:27:37+00:00\",\"author\":{\"@id\":\"https:\/\/www.rijeka.hr\/it\/#\/schema\/person\/663e79531920a3de06256465dc9d948d\"},\"breadcrumb\":{\"@id\":\"https:\/\/www.rijeka.hr\/it\/rincic-intensifichiamo-le-misure-a-contrasto-degli-atti-vandalici-i-nostri-partner-principali-sono-i-cittadini\/#breadcrumb\"},\"inLanguage\":\"it-IT\",\"potentialAction\":[{\"@type\":\"ReadAction\",\"target\":[\"https:\/\/www.rijeka.hr\/it\/rincic-intensifichiamo-le-misure-a-contrasto-degli-atti-vandalici-i-nostri-partner-principali-sono-i-cittadini\/\"]}]},{\"@type\":\"ImageObject\",\"inLanguage\":\"it-IT\",\"@id\":\"https:\/\/www.rijeka.hr\/it\/rincic-intensifichiamo-le-misure-a-contrasto-degli-atti-vandalici-i-nostri-partner-principali-sono-i-cittadini\/#primaryimage\",\"url\":\"https:\/\/www.rijeka.hr\/it\/wp-content\/uploads\/sites\/3\/2026\/02\/Konferenza-stampa-Vivoda-Rincic-Milakovic-2.jpg\",\"contentUrl\":\"https:\/\/www.rijeka.hr\/it\/wp-content\/uploads\/sites\/3\/2026\/02\/Konferenza-stampa-Vivoda-Rincic-Milakovic-2.jpg\",\"width\":901,\"height\":600,\"caption\":\"Konferenza stampa-Vivoda-Rincic-Milakovic\"},{\"@type\":\"BreadcrumbList\",\"@id\":\"https:\/\/www.rijeka.hr\/it\/rincic-intensifichiamo-le-misure-a-contrasto-degli-atti-vandalici-i-nostri-partner-principali-sono-i-cittadini\/#breadcrumb\",\"itemListElement\":[{\"@type\":\"ListItem\",\"position\":1,\"name\":\"Po\u010detna stranica\",\"item\":\"https:\/\/www.rijeka.hr\/it\/\"},{\"@type\":\"ListItem\",\"position\":2,\"name\":\"Rin\u010di\u0107: intensifichiamo le misure a contrasto degli atti vandalici, i nostri partner principali sono i cittadini\"}]},{\"@type\":\"WebSite\",\"@id\":\"https:\/\/www.rijeka.hr\/it\/#website\",\"url\":\"https:\/\/www.rijeka.hr\/it\/\",\"name\":\"Citt\u00e0 di Fiume\",\"description\":\"Portale web della Citta&#039; di Fiume\",\"potentialAction\":[{\"@type\":\"SearchAction\",\"target\":{\"@type\":\"EntryPoint\",\"urlTemplate\":\"https:\/\/www.rijeka.hr\/it\/?s={search_term_string}\"},\"query-input\":{\"@type\":\"PropertyValueSpecification\",\"valueRequired\":true,\"valueName\":\"search_term_string\"}}],\"inLanguage\":\"it-IT\"},{\"@type\":\"Person\",\"@id\":\"https:\/\/www.rijeka.hr\/it\/#\/schema\/person\/663e79531920a3de06256465dc9d948d\",\"name\":\"neva\",\"image\":{\"@type\":\"ImageObject\",\"inLanguage\":\"it-IT\",\"@id\":\"https:\/\/www.rijeka.hr\/it\/#\/schema\/person\/image\/\",\"url\":\"https:\/\/secure.gravatar.com\/avatar\/b8343288b57bef5feb410c8a30ef5680?s=96&d=mm&r=g\",\"contentUrl\":\"https:\/\/secure.gravatar.com\/avatar\/b8343288b57bef5feb410c8a30ef5680?s=96&d=mm&r=g\",\"caption\":\"neva\"},\"sameAs\":[\"https:\/\/www.rijeka.hr\/\"],\"url\":\"https:\/\/www.rijeka.hr\/it\/author\/neva\/\"}]}<\/script>\n<!-- \/ Yoast SEO plugin. -->","yoast_head_json":{"title":"Rin\u010di\u0107: intensifichiamo le misure a contrasto degli atti vandalici, i nostri partner principali sono i cittadini - Citt\u00e0 di Fiume","robots":{"index":"index","follow":"follow","max-snippet":"max-snippet:-1","max-image-preview":"max-image-preview:large","max-video-preview":"max-video-preview:-1"},"canonical":"https:\/\/www.rijeka.hr\/it\/rincic-intensifichiamo-le-misure-a-contrasto-degli-atti-vandalici-i-nostri-partner-principali-sono-i-cittadini\/","og_locale":"it_IT","og_type":"article","og_title":"Rin\u010di\u0107: intensifichiamo le misure a contrasto degli atti vandalici, i nostri partner principali sono i cittadini - Citt\u00e0 di Fiume","og_description":"\u201cOltre alle misure previste nel Piano d\u2019azione a contrasto degli atti vandalici vengono attuate anche misure straordinarie, in particolare vengono rimossi i graffiti riportanti messaggi d\u2019odio. Cos\u00ec facendo non ci limitiamo a rendere la citt\u00e0 pi\u00f9 bella, bens\u00ec comunichiamo in modo chiaro che simili comportamenti e messaggi sono assolutamente inaccettabili\u201d, ha rilevato la sindaca Iva Rin\u010di\u0107 in conferenza stampa.","og_url":"https:\/\/www.rijeka.hr\/it\/rincic-intensifichiamo-le-misure-a-contrasto-degli-atti-vandalici-i-nostri-partner-principali-sono-i-cittadini\/","og_site_name":"Citt\u00e0 di Fiume","article_published_time":"2026-02-11T14:21:31+00:00","article_modified_time":"2026-02-19T09:27:37+00:00","og_image":[{"width":901,"height":600,"url":"https:\/\/www.rijeka.hr\/it\/wp-content\/uploads\/sites\/3\/2026\/02\/Konferenza-stampa-Vivoda-Rincic-Milakovic-2.jpg","type":"image\/jpeg"}],"author":"neva","twitter_card":"summary_large_image","twitter_misc":{"Written by":"neva","Est. reading time":"5 minutes"},"schema":{"@context":"https:\/\/schema.org","@graph":[{"@type":"WebPage","@id":"https:\/\/www.rijeka.hr\/it\/rincic-intensifichiamo-le-misure-a-contrasto-degli-atti-vandalici-i-nostri-partner-principali-sono-i-cittadini\/","url":"https:\/\/www.rijeka.hr\/it\/rincic-intensifichiamo-le-misure-a-contrasto-degli-atti-vandalici-i-nostri-partner-principali-sono-i-cittadini\/","name":"Rin\u010di\u0107: intensifichiamo le misure a contrasto degli atti vandalici, i nostri partner principali sono i cittadini - Citt\u00e0 di Fiume","isPartOf":{"@id":"https:\/\/www.rijeka.hr\/it\/#website"},"primaryImageOfPage":{"@id":"https:\/\/www.rijeka.hr\/it\/rincic-intensifichiamo-le-misure-a-contrasto-degli-atti-vandalici-i-nostri-partner-principali-sono-i-cittadini\/#primaryimage"},"image":{"@id":"https:\/\/www.rijeka.hr\/it\/rincic-intensifichiamo-le-misure-a-contrasto-degli-atti-vandalici-i-nostri-partner-principali-sono-i-cittadini\/#primaryimage"},"thumbnailUrl":"https:\/\/www.rijeka.hr\/it\/wp-content\/uploads\/sites\/3\/2026\/02\/Konferenza-stampa-Vivoda-Rincic-Milakovic-2.jpg","datePublished":"2026-02-11T14:21:31+00:00","dateModified":"2026-02-19T09:27:37+00:00","author":{"@id":"https:\/\/www.rijeka.hr\/it\/#\/schema\/person\/663e79531920a3de06256465dc9d948d"},"breadcrumb":{"@id":"https:\/\/www.rijeka.hr\/it\/rincic-intensifichiamo-le-misure-a-contrasto-degli-atti-vandalici-i-nostri-partner-principali-sono-i-cittadini\/#breadcrumb"},"inLanguage":"it-IT","potentialAction":[{"@type":"ReadAction","target":["https:\/\/www.rijeka.hr\/it\/rincic-intensifichiamo-le-misure-a-contrasto-degli-atti-vandalici-i-nostri-partner-principali-sono-i-cittadini\/"]}]},{"@type":"ImageObject","inLanguage":"it-IT","@id":"https:\/\/www.rijeka.hr\/it\/rincic-intensifichiamo-le-misure-a-contrasto-degli-atti-vandalici-i-nostri-partner-principali-sono-i-cittadini\/#primaryimage","url":"https:\/\/www.rijeka.hr\/it\/wp-content\/uploads\/sites\/3\/2026\/02\/Konferenza-stampa-Vivoda-Rincic-Milakovic-2.jpg","contentUrl":"https:\/\/www.rijeka.hr\/it\/wp-content\/uploads\/sites\/3\/2026\/02\/Konferenza-stampa-Vivoda-Rincic-Milakovic-2.jpg","width":901,"height":600,"caption":"Konferenza stampa-Vivoda-Rincic-Milakovic"},{"@type":"BreadcrumbList","@id":"https:\/\/www.rijeka.hr\/it\/rincic-intensifichiamo-le-misure-a-contrasto-degli-atti-vandalici-i-nostri-partner-principali-sono-i-cittadini\/#breadcrumb","itemListElement":[{"@type":"ListItem","position":1,"name":"Po\u010detna stranica","item":"https:\/\/www.rijeka.hr\/it\/"},{"@type":"ListItem","position":2,"name":"Rin\u010di\u0107: intensifichiamo le misure a contrasto degli atti vandalici, i nostri partner principali sono i cittadini"}]},{"@type":"WebSite","@id":"https:\/\/www.rijeka.hr\/it\/#website","url":"https:\/\/www.rijeka.hr\/it\/","name":"Citt\u00e0 di Fiume","description":"Portale web della Citta&#039; di Fiume","potentialAction":[{"@type":"SearchAction","target":{"@type":"EntryPoint","urlTemplate":"https:\/\/www.rijeka.hr\/it\/?s={search_term_string}"},"query-input":{"@type":"PropertyValueSpecification","valueRequired":true,"valueName":"search_term_string"}}],"inLanguage":"it-IT"},{"@type":"Person","@id":"https:\/\/www.rijeka.hr\/it\/#\/schema\/person\/663e79531920a3de06256465dc9d948d","name":"neva","image":{"@type":"ImageObject","inLanguage":"it-IT","@id":"https:\/\/www.rijeka.hr\/it\/#\/schema\/person\/image\/","url":"https:\/\/secure.gravatar.com\/avatar\/b8343288b57bef5feb410c8a30ef5680?s=96&d=mm&r=g","contentUrl":"https:\/\/secure.gravatar.com\/avatar\/b8343288b57bef5feb410c8a30ef5680?s=96&d=mm&r=g","caption":"neva"},"sameAs":["https:\/\/www.rijeka.hr\/"],"url":"https:\/\/www.rijeka.hr\/it\/author\/neva\/"}]}},"_links":{"self":[{"href":"https:\/\/www.rijeka.hr\/it\/wp-json\/wp\/v2\/posts\/20191","targetHints":{"allow":["GET"]}}],"collection":[{"href":"https:\/\/www.rijeka.hr\/it\/wp-json\/wp\/v2\/posts"}],"about":[{"href":"https:\/\/www.rijeka.hr\/it\/wp-json\/wp\/v2\/types\/post"}],"author":[{"embeddable":true,"href":"https:\/\/www.rijeka.hr\/it\/wp-json\/wp\/v2\/users\/95"}],"replies":[{"embeddable":true,"href":"https:\/\/www.rijeka.hr\/it\/wp-json\/wp\/v2\/comments?post=20191"}],"version-history":[{"count":2,"href":"https:\/\/www.rijeka.hr\/it\/wp-json\/wp\/v2\/posts\/20191\/revisions"}],"predecessor-version":[{"id":20196,"href":"https:\/\/www.rijeka.hr\/it\/wp-json\/wp\/v2\/posts\/20191\/revisions\/20196"}],"wp:featuredmedia":[{"embeddable":true,"href":"https:\/\/www.rijeka.hr\/it\/wp-json\/wp\/v2\/media\/20192"}],"wp:attachment":[{"href":"https:\/\/www.rijeka.hr\/it\/wp-json\/wp\/v2\/media?parent=20191"}],"wp:term":[{"taxonomy":"category","embeddable":true,"href":"https:\/\/www.rijeka.hr\/it\/wp-json\/wp\/v2\/categories?post=20191"},{"taxonomy":"post_tag","embeddable":true,"href":"https:\/\/www.rijeka.hr\/it\/wp-json\/wp\/v2\/tags?post=20191"}],"curies":[{"name":"wp","href":"https:\/\/api.w.org\/{rel}","templated":true}]}}