{"id":20203,"date":"2026-02-20T15:40:27","date_gmt":"2026-02-20T14:40:27","guid":{"rendered":"https:\/\/www.rijeka.hr\/it\/?p=20203"},"modified":"2026-02-20T15:40:51","modified_gmt":"2026-02-20T14:40:51","slug":"rincic-la-nomina-dei-nuovi-direttori-e-lanalisi-del-sistema-comunale-sono-la-base-per-il-suo-risanamento","status":"publish","type":"post","link":"https:\/\/www.rijeka.hr\/it\/rincic-la-nomina-dei-nuovi-direttori-e-lanalisi-del-sistema-comunale-sono-la-base-per-il-suo-risanamento\/","title":{"rendered":"Rin\u010di\u0107: la nomina dei nuovi direttori e l\u2019analisi del sistema comunale sono la base per il suo risanamento"},"content":{"rendered":"<p>La sindaca Iva Rin\u010di\u0107 ha ricordato che al bando per la nomina dei direttori delle societ\u00e0 municipalizzate e commerciali sono pervenute 95 candidature che sono state dettagliatamente esaminate dalle commissioni preposte che hanno selezionato i 31 candidati ammessi al secondo turno. Successivamente sono state presentate le proposte di nomina e sono state convocate le assemblee societarie che si riuniranno il 19 e il 20 febbraio e saranno chiamate a votare le proposte di nomina dei nuovi direttori, ha annunciato la sindaca, che ha di seguito presentato le proposte.<\/p>\n<p>A direttore della municipalizzata VIK \u00e8 stato proposto Damir Togunjac, laureato in ingegneria meccanica, impiegato presso la Vodovod i kanalizacija s.r.l., come responsabile del Settore per la manutenzione dei sistemi di rifornimento idrico e della rete fognaria.<\/p>\n<p>A direttore della municipalizzata Autotrolej \u00e8 stato proposto Vedran Tomi\u010di\u0107, laureato in economia, attualmente impiegato presso il Gruppo Arriva, dove ricopre gli incarichi di direttore finanziario e membro della Direzione.<\/p>\n<p>A direttore della municipalizzata \u010cisto\u0107a \u00e8 stato proposto Igor Velimirovi\u0107, laureato alla Facolt\u00e0 di Marineria, si \u00e8 specializzato a Vienna, Londra e Monaco di Baviera. \u00c8 direttore esecutivo di una societ\u00e0 che fornisce soluzioni per l\u2019impiego e l\u2019inserimento del personale.<\/p>\n<p>Le assemblee di queste tre societ\u00e0 si riuniranno il 20 febbraio, ha annunciato Rin\u010di\u0107.<\/p>\n<p>A direttore della Poslovni sustavi \u00e8 stato proposto Tomislav Mazal, laureato in giurisprudenza, ha lavorato nel Governo croato e al Ministero dell\u2019Economia. \u00c8 stato membro della Direzione della \u0110uro \u0110akovi\u0107 e direttore della Gradska plinara (Societ\u00e0 del gas) di Zagabria, attualmente dirige la societ\u00e0 di consulenze Mazal savjetovanje s.r.l.<\/p>\n<p>A direttore della Rijeka plus \u00e8 stato proposto l\u2019attuale direttore f.f. Vlado Mezak, dottore in scienze economiche e docente presso la Facolt\u00e0 di Marineria di Fiume. Vanta una pluriennale esperienza ai vertici della Port Authority di Fiume, della quale \u00e8 stato direttore per un mandato. Ha lavorato anche come consulente indipendente.<\/p>\n<p>Le assemblee di queste due societ\u00e0 si riuniranno il 19 febbraio.<\/p>\n<p>A direttore della municipalizzata Kozala sono stati proposti due candidati, che hanno per\u00f2 entrambi ritirato la candidatura. Il bando sar\u00e0 ripetuto. La decisione in merito sar\u00e0 presa dall\u2019Assemblea che \u00e8 stata convocata gioved\u00ec.<\/p>\n<p>\u201cLa pluriennale incuria e la mancanza di una chiara assunzione di responsabilit\u00e0 hanno provocato conseguenze gravi a danno del sistema comunale. \u00c8 proprio per questo motivo che abbiamo avviato le procedure di rinnovo dei vertici delle societ\u00e0 municipalizzate e commerciali. Non si tratta di cambiamenti formali, bens\u00ec di un importante passo avanti nel percorso di impostazione di un sistema comunale trasparente, efficace e orientato ai cittadini. Nelle procedure di selezione non sono stati lasciati spazi all\u2019idoneit\u00e0 politica; i candidati vengono proposti esclusivamente in base alle competenze, all\u2019esperienza e ai risultati conseguiti\u201d, ha detto Rin\u010di\u0107.<\/p>\n<p>All\u2019Universit\u00e0 di Fiume \u2013 Centro per il sostegno alle citt\u00e0 smart e sostenibili \u00e8 stata commissionata un\u2019Analisi dei dati riguardanti l\u2019attivit\u00e0 delle societ\u00e0 municipalizzate e commerciali della Citt\u00e0 di Fiume riportante un quadro completo dello stato dell\u2019arte in cui versa un sistema che incide direttamente sulla qualit\u00e0 della vita dei cittadini. Il documento sar\u00e0 presentato alla prossima seduta del Consiglio municipale e sar\u00e0 pubblicato sul portale della Citt\u00e0 di Fiume.<\/p>\n<p><strong>La nave Galeb e l\u2019avaria <\/strong><\/p>\n<p>Rin\u010di\u0107 ha relazionato sulle conseguenze dell\u2019avaria navale verificatasi nel porto di Fiume venerd\u00ec, 13 febbraio, nelle ore serali, quando la nave mercantile \u201cDeniz Akay\u201d ha urtato la nave Galeb ormeggiata nel porto.<\/p>\n<p>\u201cIl dato principale da rilevare \u00e8 che l\u2019incidente non ha provocato n\u00e9 vittime n\u00e9 inquinamento del mare. Per la Citt\u00e0 di Fiume \u00e8 fondamentale che il danno arrecato venga sanato e rimborsato in toto\u201d, ha detto la sindaca. \u00c8 nostro obbligo assicurare la riparazione della nave e il rimborso del danno subito a carico della nave che lo ha provocato. L\u2019assicuratore dell\u2019armatore ha emesso una garanzia per l\u2019importo di 182.000 euro, a copertura dei costi di riparazione. \u00c8 possibile che una volta smontati i pezzi danneggiati si riscontrino danni ulteriori. Nel caso emergano danno ulteriori questi saranno regolamentati sia sul piano legale sia su quello finanziario\u201d, ha detto Rin\u010di\u0107<\/p>\n<p><strong>Prosieguo della rimozione dei graffiti<\/strong><\/p>\n<p>I dipendenti del Dipartimento per il sistema comunale hanno proseguito con le perlustrazioni delle aree cittadine onde mappare e rimuovere i graffiti che riportano contenuti inadeguati e messaggi d\u2019odio. Le attivit\u00e0 di rimozione sono in corso, ha reso noto Rin\u010di\u0107.<\/p>\n<p><strong>Investimenti nella societ\u00e0 civile, nello sport e nei giovani<\/strong><\/p>\n<p>Ai sensi delle decisioni prese dal collegio, sulle pagine web della Citt\u00e0 di Fiume \u00e8 stato pubblicato il concorso per l\u2019assegnazione di finanziamenti de minimis nel 2026. L\u2019importo destinato all\u2019assegnazione di finanziamenti de minimis alle associazioni ammonta a complessivi 25.000 euro, per i singoli progetti possono essere assegnati importi compresi tra 150 e 1.000 euro. Il concorso rimane aperto fino al 10 novembre 2026, ovvero fino all\u2019esaurimento dei mezzi. Il finanziamento \u00e8 destinato a progetti nei settori di promozione del volontariato, della tutela e della promozione dei diritti delle minoranze nazionali, della cooperazione internazionale e dello sviluppo della societ\u00e0 civile.<\/p>\n<p>A Fiume lo sport e la ricreazione sono considerati segmenti rilevanti della vita cittadina, pertanto nel bilancio per il 2026 i mezzi per lo sport sono stati ulteriormente incrementati. Per il Programma di necessit\u00e0 pubbliche nello sport sono stati assicurati 3.569.000,00 euro, l\u2019importo pi\u00f9 alto destinato a quest\u2019attivit\u00e0 programmatica nella storia cittadina.<\/p>\n<p>\u00c8 stato approvato anche il Piano dettagliato di ripartizione dei mezzi nell\u2019ambito del Programma delle necessit\u00e0 pubbliche nello sport per il 2026, che ammonta a complessivi 3,57 milioni di euro. Il Piano \u00e8 stato predisposto dalla Commissione consultiva di esperti della Lega sportiva fiumana (RSS). La ripartizione dettagliata dei mezzi \u00e8 stata trasmessa al Consiglio municipale con richiesta di approvazione.<\/p>\n<p><strong>Domande dei giornalisti sulla sicurezza, i cimiteri e le questioni abitative<\/strong><\/p>\n<p>Rispondendo alla domanda dei giornalisti riguardante le liste d\u2019attesa per la sepoltura nei cimiteri cittadini la sindaca Rin\u010di\u0107 ha reso noto che la municipalizzata Kozala ha assunto nel mese di febbraio cinque nuovi dipendenti, tre dei quali sono lavoratori stranieri. Lo stipendio medio dei lavoratori neoassunti ammonta a 1.200-1.500 euro, escluse le aggiunte.<\/p>\n<p>La sindaca ha precisato alla fine dell\u2019anno scorso \u00e8 stato registrato un incremento dei permessi malattia dei dipendenti e che questo incremento si \u00e8 verificato in coincidenza con il periodo di dicembre in cui si \u00e8 verificato un aumento del numero di decessi in citt\u00e0 il che ha causato ulteriori difficolt\u00e0 organizzative. La sindaca ha annunciato che si proceder\u00e0 con un\u2019Analisi della sostenibilit\u00e0 della costruzione di un crematorio a Fiume e ha evidenziato che personalmente ritiene che per la citt\u00e0 la realizzazione del progetto sia necessaria.<\/p>\n<p>In risposta alla domanda giornalistica sulla situazione riguardante la sicurezza a seguito del violento attacco subito a Fiume da un minorenne, la sindaca ha annunciato che la prossima settimana incontrer\u00e0 i rappresentanti della Direzione di polizia della Regione litoraneo-montana e che in quella sede sar\u00e0 discusso il tema della sicurezza.<\/p>\n<p>Il vicesindaco Aleksandar Sa\u0161a Milakovi\u0107 ha risposto alla domanda sui piani di costruzione di alloggi con canoni d\u2019affitto sostenibili. Ha chiarito che si sta lavorando a un accordo di collaborazione con un\u2019agenzia ingaggiata dalla Banca europea per gli investimenti (EIB), che nel rispetto del quadro normativo lavora sull\u2019impostazione di diversi modelli di social housing. Facendo affidamento sul loro supporto e sul lavoro dell\u2019Agenzia cittadina per le politiche abitative sostenibili saranno proposti alcuni modelli di affitto a prezzo calmierato. \u00c8 inoltre in piano la realizzazione di un progetto pilota in uno dei siti precedentemente previsti per la costruzione di alloggi, molto probabilmente a Zamet, ha concluso Milakovi\u0107.<\/p>\n","protected":false},"excerpt":{"rendered":"<p>Con le proposte di nomina dei direttori di cinque societ\u00e0 municipalizzate e commerciali e con la presentazione di un\u2019analisi onnicomprensiva dell\u2019attivit\u00e0 svolta la Citt\u00e0 di Fiume apre una nuova fase di riorganizzazione del sistema comunale, lo ha rilevato la sindaca Iva Rin\u010di\u0107 nel corso della conferenza stampa ordinaria, alla quale hanno partecipato anche i suoi vice Vedran Vivoda e Aleksandar Sa\u0161a Milakovi\u0107.<\/p>\n","protected":false},"author":95,"featured_media":20204,"comment_status":"open","ping_status":"closed","sticky":false,"template":"","format":"standard","meta":{"_acf_changed":false,"_trash_the_other_posts":false,"footnotes":"","_links_to":"","_links_to_target":""},"categories":[416],"tags":[2459],"class_list":["post-20203","post","type-post","status-publish","format-standard","has-post-thumbnail","hentry","category-collegio-del-sindaco","tag-collegio-della-sindaca"],"acf":[],"yoast_head":"<!-- This site is optimized with the Yoast SEO plugin v24.4 - https:\/\/yoast.com\/wordpress\/plugins\/seo\/ -->\n<title>Rin\u010di\u0107: la nomina dei nuovi direttori e l\u2019analisi del sistema comunale sono la base per il suo risanamento - Citt\u00e0 di Fiume<\/title>\n<meta name=\"robots\" content=\"index, follow, max-snippet:-1, max-image-preview:large, max-video-preview:-1\" \/>\n<link rel=\"canonical\" href=\"https:\/\/www.rijeka.hr\/it\/rincic-la-nomina-dei-nuovi-direttori-e-lanalisi-del-sistema-comunale-sono-la-base-per-il-suo-risanamento\/\" \/>\n<meta property=\"og:locale\" content=\"it_IT\" \/>\n<meta property=\"og:type\" content=\"article\" \/>\n<meta property=\"og:title\" content=\"Rin\u010di\u0107: la nomina dei nuovi direttori e l\u2019analisi del sistema comunale sono la base per il suo risanamento - Citt\u00e0 di Fiume\" \/>\n<meta property=\"og:description\" content=\"Con le proposte di nomina dei direttori di cinque societ\u00e0 municipalizzate e commerciali e con la presentazione di un\u2019analisi onnicomprensiva dell\u2019attivit\u00e0 svolta la Citt\u00e0 di Fiume apre una nuova fase di riorganizzazione del sistema comunale, lo ha rilevato la sindaca Iva Rin\u010di\u0107 nel corso della conferenza stampa ordinaria, alla quale hanno partecipato anche i suoi vice Vedran Vivoda e Aleksandar Sa\u0161a Milakovi\u0107.\" \/>\n<meta property=\"og:url\" content=\"https:\/\/www.rijeka.hr\/it\/rincic-la-nomina-dei-nuovi-direttori-e-lanalisi-del-sistema-comunale-sono-la-base-per-il-suo-risanamento\/\" \/>\n<meta property=\"og:site_name\" content=\"Citt\u00e0 di Fiume\" \/>\n<meta property=\"article:published_time\" content=\"2026-02-20T14:40:27+00:00\" \/>\n<meta property=\"article:modified_time\" content=\"2026-02-20T14:40:51+00:00\" \/>\n<meta property=\"og:image\" content=\"https:\/\/www.rijeka.hr\/it\/wp-content\/uploads\/sites\/3\/2026\/02\/Konferenza-stampa-Iva-Rincic.jpg\" \/>\n\t<meta property=\"og:image:width\" content=\"893\" \/>\n\t<meta property=\"og:image:height\" content=\"600\" \/>\n\t<meta property=\"og:image:type\" content=\"image\/jpeg\" \/>\n<meta name=\"author\" content=\"neva\" \/>\n<meta name=\"twitter:card\" content=\"summary_large_image\" \/>\n<meta name=\"twitter:label1\" content=\"Written by\" \/>\n\t<meta name=\"twitter:data1\" content=\"neva\" \/>\n\t<meta name=\"twitter:label2\" content=\"Est. reading time\" \/>\n\t<meta name=\"twitter:data2\" content=\"7 minutes\" \/>\n<script type=\"application\/ld+json\" class=\"yoast-schema-graph\">{\"@context\":\"https:\/\/schema.org\",\"@graph\":[{\"@type\":\"WebPage\",\"@id\":\"https:\/\/www.rijeka.hr\/it\/rincic-la-nomina-dei-nuovi-direttori-e-lanalisi-del-sistema-comunale-sono-la-base-per-il-suo-risanamento\/\",\"url\":\"https:\/\/www.rijeka.hr\/it\/rincic-la-nomina-dei-nuovi-direttori-e-lanalisi-del-sistema-comunale-sono-la-base-per-il-suo-risanamento\/\",\"name\":\"Rin\u010di\u0107: la nomina dei nuovi direttori e l\u2019analisi del sistema comunale sono la base per il suo risanamento - Citt\u00e0 di Fiume\",\"isPartOf\":{\"@id\":\"https:\/\/www.rijeka.hr\/it\/#website\"},\"primaryImageOfPage\":{\"@id\":\"https:\/\/www.rijeka.hr\/it\/rincic-la-nomina-dei-nuovi-direttori-e-lanalisi-del-sistema-comunale-sono-la-base-per-il-suo-risanamento\/#primaryimage\"},\"image\":{\"@id\":\"https:\/\/www.rijeka.hr\/it\/rincic-la-nomina-dei-nuovi-direttori-e-lanalisi-del-sistema-comunale-sono-la-base-per-il-suo-risanamento\/#primaryimage\"},\"thumbnailUrl\":\"https:\/\/www.rijeka.hr\/it\/wp-content\/uploads\/sites\/3\/2026\/02\/Konferenza-stampa-Iva-Rincic.jpg\",\"datePublished\":\"2026-02-20T14:40:27+00:00\",\"dateModified\":\"2026-02-20T14:40:51+00:00\",\"author\":{\"@id\":\"https:\/\/www.rijeka.hr\/it\/#\/schema\/person\/663e79531920a3de06256465dc9d948d\"},\"breadcrumb\":{\"@id\":\"https:\/\/www.rijeka.hr\/it\/rincic-la-nomina-dei-nuovi-direttori-e-lanalisi-del-sistema-comunale-sono-la-base-per-il-suo-risanamento\/#breadcrumb\"},\"inLanguage\":\"it-IT\",\"potentialAction\":[{\"@type\":\"ReadAction\",\"target\":[\"https:\/\/www.rijeka.hr\/it\/rincic-la-nomina-dei-nuovi-direttori-e-lanalisi-del-sistema-comunale-sono-la-base-per-il-suo-risanamento\/\"]}]},{\"@type\":\"ImageObject\",\"inLanguage\":\"it-IT\",\"@id\":\"https:\/\/www.rijeka.hr\/it\/rincic-la-nomina-dei-nuovi-direttori-e-lanalisi-del-sistema-comunale-sono-la-base-per-il-suo-risanamento\/#primaryimage\",\"url\":\"https:\/\/www.rijeka.hr\/it\/wp-content\/uploads\/sites\/3\/2026\/02\/Konferenza-stampa-Iva-Rincic.jpg\",\"contentUrl\":\"https:\/\/www.rijeka.hr\/it\/wp-content\/uploads\/sites\/3\/2026\/02\/Konferenza-stampa-Iva-Rincic.jpg\",\"width\":893,\"height\":600,\"caption\":\"Konferenza stampa Iva Rincic\"},{\"@type\":\"BreadcrumbList\",\"@id\":\"https:\/\/www.rijeka.hr\/it\/rincic-la-nomina-dei-nuovi-direttori-e-lanalisi-del-sistema-comunale-sono-la-base-per-il-suo-risanamento\/#breadcrumb\",\"itemListElement\":[{\"@type\":\"ListItem\",\"position\":1,\"name\":\"Po\u010detna stranica\",\"item\":\"https:\/\/www.rijeka.hr\/it\/\"},{\"@type\":\"ListItem\",\"position\":2,\"name\":\"Rin\u010di\u0107: la nomina dei nuovi direttori e l\u2019analisi del sistema comunale sono la base per il suo risanamento\"}]},{\"@type\":\"WebSite\",\"@id\":\"https:\/\/www.rijeka.hr\/it\/#website\",\"url\":\"https:\/\/www.rijeka.hr\/it\/\",\"name\":\"Citt\u00e0 di Fiume\",\"description\":\"Portale web della Citta&#039; di Fiume\",\"potentialAction\":[{\"@type\":\"SearchAction\",\"target\":{\"@type\":\"EntryPoint\",\"urlTemplate\":\"https:\/\/www.rijeka.hr\/it\/?s={search_term_string}\"},\"query-input\":{\"@type\":\"PropertyValueSpecification\",\"valueRequired\":true,\"valueName\":\"search_term_string\"}}],\"inLanguage\":\"it-IT\"},{\"@type\":\"Person\",\"@id\":\"https:\/\/www.rijeka.hr\/it\/#\/schema\/person\/663e79531920a3de06256465dc9d948d\",\"name\":\"neva\",\"image\":{\"@type\":\"ImageObject\",\"inLanguage\":\"it-IT\",\"@id\":\"https:\/\/www.rijeka.hr\/it\/#\/schema\/person\/image\/\",\"url\":\"https:\/\/secure.gravatar.com\/avatar\/b8343288b57bef5feb410c8a30ef5680?s=96&d=mm&r=g\",\"contentUrl\":\"https:\/\/secure.gravatar.com\/avatar\/b8343288b57bef5feb410c8a30ef5680?s=96&d=mm&r=g\",\"caption\":\"neva\"},\"sameAs\":[\"https:\/\/www.rijeka.hr\/\"],\"url\":\"https:\/\/www.rijeka.hr\/it\/author\/neva\/\"}]}<\/script>\n<!-- \/ Yoast SEO plugin. -->","yoast_head_json":{"title":"Rin\u010di\u0107: la nomina dei nuovi direttori e l\u2019analisi del sistema comunale sono la base per il suo risanamento - Citt\u00e0 di Fiume","robots":{"index":"index","follow":"follow","max-snippet":"max-snippet:-1","max-image-preview":"max-image-preview:large","max-video-preview":"max-video-preview:-1"},"canonical":"https:\/\/www.rijeka.hr\/it\/rincic-la-nomina-dei-nuovi-direttori-e-lanalisi-del-sistema-comunale-sono-la-base-per-il-suo-risanamento\/","og_locale":"it_IT","og_type":"article","og_title":"Rin\u010di\u0107: la nomina dei nuovi direttori e l\u2019analisi del sistema comunale sono la base per il suo risanamento - Citt\u00e0 di Fiume","og_description":"Con le proposte di nomina dei direttori di cinque societ\u00e0 municipalizzate e commerciali e con la presentazione di un\u2019analisi onnicomprensiva dell\u2019attivit\u00e0 svolta la Citt\u00e0 di Fiume apre una nuova fase di riorganizzazione del sistema comunale, lo ha rilevato la sindaca Iva Rin\u010di\u0107 nel corso della conferenza stampa ordinaria, alla quale hanno partecipato anche i suoi vice Vedran Vivoda e Aleksandar Sa\u0161a Milakovi\u0107.","og_url":"https:\/\/www.rijeka.hr\/it\/rincic-la-nomina-dei-nuovi-direttori-e-lanalisi-del-sistema-comunale-sono-la-base-per-il-suo-risanamento\/","og_site_name":"Citt\u00e0 di Fiume","article_published_time":"2026-02-20T14:40:27+00:00","article_modified_time":"2026-02-20T14:40:51+00:00","og_image":[{"width":893,"height":600,"url":"https:\/\/www.rijeka.hr\/it\/wp-content\/uploads\/sites\/3\/2026\/02\/Konferenza-stampa-Iva-Rincic.jpg","type":"image\/jpeg"}],"author":"neva","twitter_card":"summary_large_image","twitter_misc":{"Written by":"neva","Est. reading time":"7 minutes"},"schema":{"@context":"https:\/\/schema.org","@graph":[{"@type":"WebPage","@id":"https:\/\/www.rijeka.hr\/it\/rincic-la-nomina-dei-nuovi-direttori-e-lanalisi-del-sistema-comunale-sono-la-base-per-il-suo-risanamento\/","url":"https:\/\/www.rijeka.hr\/it\/rincic-la-nomina-dei-nuovi-direttori-e-lanalisi-del-sistema-comunale-sono-la-base-per-il-suo-risanamento\/","name":"Rin\u010di\u0107: la nomina dei nuovi direttori e l\u2019analisi del sistema comunale sono la base per il suo risanamento - Citt\u00e0 di Fiume","isPartOf":{"@id":"https:\/\/www.rijeka.hr\/it\/#website"},"primaryImageOfPage":{"@id":"https:\/\/www.rijeka.hr\/it\/rincic-la-nomina-dei-nuovi-direttori-e-lanalisi-del-sistema-comunale-sono-la-base-per-il-suo-risanamento\/#primaryimage"},"image":{"@id":"https:\/\/www.rijeka.hr\/it\/rincic-la-nomina-dei-nuovi-direttori-e-lanalisi-del-sistema-comunale-sono-la-base-per-il-suo-risanamento\/#primaryimage"},"thumbnailUrl":"https:\/\/www.rijeka.hr\/it\/wp-content\/uploads\/sites\/3\/2026\/02\/Konferenza-stampa-Iva-Rincic.jpg","datePublished":"2026-02-20T14:40:27+00:00","dateModified":"2026-02-20T14:40:51+00:00","author":{"@id":"https:\/\/www.rijeka.hr\/it\/#\/schema\/person\/663e79531920a3de06256465dc9d948d"},"breadcrumb":{"@id":"https:\/\/www.rijeka.hr\/it\/rincic-la-nomina-dei-nuovi-direttori-e-lanalisi-del-sistema-comunale-sono-la-base-per-il-suo-risanamento\/#breadcrumb"},"inLanguage":"it-IT","potentialAction":[{"@type":"ReadAction","target":["https:\/\/www.rijeka.hr\/it\/rincic-la-nomina-dei-nuovi-direttori-e-lanalisi-del-sistema-comunale-sono-la-base-per-il-suo-risanamento\/"]}]},{"@type":"ImageObject","inLanguage":"it-IT","@id":"https:\/\/www.rijeka.hr\/it\/rincic-la-nomina-dei-nuovi-direttori-e-lanalisi-del-sistema-comunale-sono-la-base-per-il-suo-risanamento\/#primaryimage","url":"https:\/\/www.rijeka.hr\/it\/wp-content\/uploads\/sites\/3\/2026\/02\/Konferenza-stampa-Iva-Rincic.jpg","contentUrl":"https:\/\/www.rijeka.hr\/it\/wp-content\/uploads\/sites\/3\/2026\/02\/Konferenza-stampa-Iva-Rincic.jpg","width":893,"height":600,"caption":"Konferenza stampa Iva Rincic"},{"@type":"BreadcrumbList","@id":"https:\/\/www.rijeka.hr\/it\/rincic-la-nomina-dei-nuovi-direttori-e-lanalisi-del-sistema-comunale-sono-la-base-per-il-suo-risanamento\/#breadcrumb","itemListElement":[{"@type":"ListItem","position":1,"name":"Po\u010detna stranica","item":"https:\/\/www.rijeka.hr\/it\/"},{"@type":"ListItem","position":2,"name":"Rin\u010di\u0107: la nomina dei nuovi direttori e l\u2019analisi del sistema comunale sono la base per il suo risanamento"}]},{"@type":"WebSite","@id":"https:\/\/www.rijeka.hr\/it\/#website","url":"https:\/\/www.rijeka.hr\/it\/","name":"Citt\u00e0 di Fiume","description":"Portale web della Citta&#039; di Fiume","potentialAction":[{"@type":"SearchAction","target":{"@type":"EntryPoint","urlTemplate":"https:\/\/www.rijeka.hr\/it\/?s={search_term_string}"},"query-input":{"@type":"PropertyValueSpecification","valueRequired":true,"valueName":"search_term_string"}}],"inLanguage":"it-IT"},{"@type":"Person","@id":"https:\/\/www.rijeka.hr\/it\/#\/schema\/person\/663e79531920a3de06256465dc9d948d","name":"neva","image":{"@type":"ImageObject","inLanguage":"it-IT","@id":"https:\/\/www.rijeka.hr\/it\/#\/schema\/person\/image\/","url":"https:\/\/secure.gravatar.com\/avatar\/b8343288b57bef5feb410c8a30ef5680?s=96&d=mm&r=g","contentUrl":"https:\/\/secure.gravatar.com\/avatar\/b8343288b57bef5feb410c8a30ef5680?s=96&d=mm&r=g","caption":"neva"},"sameAs":["https:\/\/www.rijeka.hr\/"],"url":"https:\/\/www.rijeka.hr\/it\/author\/neva\/"}]}},"_links":{"self":[{"href":"https:\/\/www.rijeka.hr\/it\/wp-json\/wp\/v2\/posts\/20203","targetHints":{"allow":["GET"]}}],"collection":[{"href":"https:\/\/www.rijeka.hr\/it\/wp-json\/wp\/v2\/posts"}],"about":[{"href":"https:\/\/www.rijeka.hr\/it\/wp-json\/wp\/v2\/types\/post"}],"author":[{"embeddable":true,"href":"https:\/\/www.rijeka.hr\/it\/wp-json\/wp\/v2\/users\/95"}],"replies":[{"embeddable":true,"href":"https:\/\/www.rijeka.hr\/it\/wp-json\/wp\/v2\/comments?post=20203"}],"version-history":[{"count":2,"href":"https:\/\/www.rijeka.hr\/it\/wp-json\/wp\/v2\/posts\/20203\/revisions"}],"predecessor-version":[{"id":20206,"href":"https:\/\/www.rijeka.hr\/it\/wp-json\/wp\/v2\/posts\/20203\/revisions\/20206"}],"wp:featuredmedia":[{"embeddable":true,"href":"https:\/\/www.rijeka.hr\/it\/wp-json\/wp\/v2\/media\/20204"}],"wp:attachment":[{"href":"https:\/\/www.rijeka.hr\/it\/wp-json\/wp\/v2\/media?parent=20203"}],"wp:term":[{"taxonomy":"category","embeddable":true,"href":"https:\/\/www.rijeka.hr\/it\/wp-json\/wp\/v2\/categories?post=20203"},{"taxonomy":"post_tag","embeddable":true,"href":"https:\/\/www.rijeka.hr\/it\/wp-json\/wp\/v2\/tags?post=20203"}],"curies":[{"name":"wp","href":"https:\/\/api.w.org\/{rel}","templated":true}]}}