{"id":20238,"date":"2026-03-05T13:10:20","date_gmt":"2026-03-05T12:10:20","guid":{"rendered":"https:\/\/www.rijeka.hr\/it\/?p=20238"},"modified":"2026-03-06T13:14:07","modified_gmt":"2026-03-06T12:14:07","slug":"rincic-fa-il-punto-su-una-serie-di-nuove-decisioni-dalla-pianificazione-territoriale-al-premio-nonviolenza","status":"publish","type":"post","link":"https:\/\/www.rijeka.hr\/it\/rincic-fa-il-punto-su-una-serie-di-nuove-decisioni-dalla-pianificazione-territoriale-al-premio-nonviolenza\/","title":{"rendered":"Rin\u010di\u0107 fa il punto su una serie di nuove decisioni: dalla pianificazione territoriale al premio Nonviolenza"},"content":{"rendered":"<p>Alla conferenza stampa hanno partecipato anche i vicesindaci Aleksandar-Sa\u0161a Milakovi\u0107 e Vedran Vivoda.<\/p>\n<p><strong>L\u2019Istituto per l\u2019assetto territoriale <\/strong><\/p>\n<p>La sindaca ha rilevato che con la fondazione dell\u2019Istituto \u00e8 stato fatto un significativo passo avanti nella gestione del territorio cittadino. Il Consiglio municipale ha approvato lo Statuto dell\u2019Istituto per l\u2019assetto territoriale, il Ministero competente ha concesso il necessario assenso e l\u2019Istituto \u00e8 stato iscritto nell\u2019apposito Registro presso il Tribunale commerciale di Fiume. Il Consiglio direttivo dell\u2019Istituto si \u00e8 costituito, i suoi componenti sono rinomati esperti nei settori dell\u2019architettura, dell\u2019urbanistica, della tutela dei beni culturali e rappresentanti della comunit\u00e0 accademica. Il loro mandato dura quattro anni. A breve si proceder\u00e0 con la nomina del direttore e con la definizione dell\u2019organizzazione del lavoro dell\u2019Istituto.<\/p>\n<p><strong>Bonus pasquale per i pensionati che percepiscono quiescenze minime<\/strong><\/p>\n<p>La sindaca ha reso un\u2019informazione sulla decisione riguardante il versamento del bonus pasquale ai pensionati che percepiscono quiescenze minime. Il bonus ammonta a 70,00 euro per beneficiario e sar\u00e0 versato a circa 1.200 pensionati titolari di quiescenze minime ai quali \u00e8 riconosciuto un sostegno finanziario per la copertura dei costi di vita e a circa 200 anziani senza reddito personale, titolari dell\u2019indennizzo nazionale.<\/p>\n<p><strong>Pediatri, turni di sabato <\/strong><\/p>\n<p>La Citt\u00e0 di Fiume ha assicurato 5.000,00 euro per i turni dei pediatri il sabato mattina dalle ore 8 alle ore 15. In questo modo la guardia pediatrica \u00e8 assicurata e disponibile anche nel corso di tutto il fine settimana.<\/p>\n<p><strong>Servizio di trasporto dei disabili e dei pazienti oncologici<\/strong><\/p>\n<p>Prosegue, in collaborazione con l\u2019Autotrolej, la misura di finanziamento del trasporto gratuito dei disabili. Attualmente sono 426 i beneficiari notificati e nel bilancio per questa voce di spesa sono assicurati 231.700,00 euro. Prosegue anche il finanziamento del trasporto gratuito dei pazienti oncologici alle terapie nella Clinica di radioterapia e oncologia del CCO di Fiume. Nel 2026 per questo capitolo di spesa sono assicurati 109.000,00 euro.<\/p>\n<p><strong>Finanziamenti aggiuntivi per i Vigili del fuoco<\/strong><\/p>\n<p>\u00c8 stata approvata la decisione sul finanziamento dell\u2019Unit\u00e0 dei Vigili del fuoco della Citt\u00e0 di Fiume nel 2026. Il Governo della Repubblica di Croazia ha definito l\u2019importo dei mezzi decentralizzati per il 2026, a Fiume sono stati assegnati 2.442.000,00 euro. In aggiunta a questo importo la Citt\u00e0 assicurer\u00e0<\/p>\n<p>5.411.856,00 euro, di cui 2.935.000,00 euro destinati al cofinanziamento degli stipendi, 1.500.000,00 euro per l\u2019acquisto di nuovi mezzi per l\u2019Unit\u00e0 e 956.000,00 euro per lo svolgimento delle attivit\u00e0 dell\u2019Unit\u00e0 cittadina dei Vigili del fuoco.<\/p>\n<p><strong>Autogoverno locale<\/strong><\/p>\n<p>La sindaca ha reso noto che il Comitato locale Scoglietto-Citt\u00e0 vecchia (\u0160kolji\u0107 \u2013 Stari grad) che opera attualmente in via Ru\u017ei\u0107 14 sul territorio del Comitato locale Centro-Su\u0161ak (Centar \u2013 Su\u0161ak) si trasferir\u00e0 in nuovi vani siti all\u2019indirizzo \u0160kolji\u0107 2A di propriet\u00e0 della Citt\u00e0. All\u2019inizio dell\u2019anno la Citt\u00e0 \u00e8 rientrata in possesso dei vani in parola e li ha destinati al Consiglio del Comitato locale per lo svolgimento delle attivit\u00e0.<\/p>\n<div id=\"attachment_20241\" class=\"wp-caption alignright\"><a href=\"https:\/\/www.rijeka.hr\/it\/wp-content\/uploads\/sites\/3\/2026\/03\/La-sindaca-Iva-Rincic-2.jpg\" data-rel=\"lightbox-image-0\" data-rl_title=\"\" data-rl_caption=\"\" title=\"\"><img loading=\"lazy\" decoding=\"async\" width=\"600\" height=\"452\" class=\"wp-image-20241 size-medium\" src=\"https:\/\/www.rijeka.hr\/it\/wp-content\/uploads\/sites\/3\/2026\/03\/La-sindaca-Iva-Rincic-2-600x452.jpg\" alt=\"La sindaca Iva Rin\u010di\u0107\" srcset=\"https:\/\/www.rijeka.hr\/it\/wp-content\/uploads\/sites\/3\/2026\/03\/La-sindaca-Iva-Rincic-2-600x452.jpg 600w, https:\/\/www.rijeka.hr\/it\/wp-content\/uploads\/sites\/3\/2026\/03\/La-sindaca-Iva-Rincic-2-1200x905.jpg 1200w, https:\/\/www.rijeka.hr\/it\/wp-content\/uploads\/sites\/3\/2026\/03\/La-sindaca-Iva-Rincic-2-768x579.jpg 768w, https:\/\/www.rijeka.hr\/it\/wp-content\/uploads\/sites\/3\/2026\/03\/La-sindaca-Iva-Rincic-2-1536x1158.jpg 1536w, https:\/\/www.rijeka.hr\/it\/wp-content\/uploads\/sites\/3\/2026\/03\/La-sindaca-Iva-Rincic-2-1061x800.jpg 1061w, https:\/\/www.rijeka.hr\/it\/wp-content\/uploads\/sites\/3\/2026\/03\/La-sindaca-Iva-Rincic-2-531x400.jpg 531w, https:\/\/www.rijeka.hr\/it\/wp-content\/uploads\/sites\/3\/2026\/03\/La-sindaca-Iva-Rincic-2-796x600.jpg 796w, https:\/\/www.rijeka.hr\/it\/wp-content\/uploads\/sites\/3\/2026\/03\/La-sindaca-Iva-Rincic-2.jpg 1600w\" sizes=\"(max-width: 600px) 100vw, 600px\" \/><\/a><p class=\"wp-caption-text\">La sindaca Iva Rin\u010di\u0107<\/p><\/div>\n<p><strong>Un nuovo premio per promuovere la cultura della nonviolenza e della pace<\/strong><\/p>\n<p>La sindaca Iva Rin\u010di\u0107 ha annunciato l\u2019istituzione di un nuovo premio volto a promuovere la cultura della nonviolenza e della pace, destinato ai bambini e ai giovani. \u201cSiamo testimoni di diversi episodi deprecabili avvenuti non soltanto a Fiume, bens\u00ec anche su un territorio pi\u00f9 ampio. Non intendiamo promuovere affrontare la cultura della nonviolenza e della pace in modo astratto, vogliamo viverla giorno per giorno e diffonderla in modo fattivo &#8211; nelle aule scolastiche, sulle reti sociali e negli spazi pubblici. Abbiamo incluso i giovani gi\u00e0 nella fase iniziale delle attivit\u00e0 promosse &#8211; sui portali della Citt\u00e0 di Fiume e Moja Rijeka (Mia Fiume) \u00e8 in corso, fino al 14 marzo, un sondaggio anonimo attraverso il quale i giovani di et\u00e0 compresa tra i 15 e i 30 anni possono votare i nomi proposti per il premio. Seguir\u00e0 un invito pubblico per la presentazione delle proposte di candidatura, la definizione dei criteri e la scelta del vincitore, che dovrebbe essere proclamato nella seconda parte dell\u2019anno.<\/p>\n<p>La Citt\u00e0 di Fiume desidera trasmettere un messaggio chiaro sull\u2019importanza data a questi valori e sul sostegno assicurato alla loro promozione\u201d, ha sottolineato la sindaca.<\/p>\n<p><strong>Le domande dei giornalisti<\/strong><\/p>\n<p>Alla domanda riguardante la stabilit\u00e0 della maggioranza nel Consiglio municipale la sindaca ha rilevato che il dialogo con i partner \u00e8 costante.<\/p>\n<p>\u201cRitengo che ad oggi la collaborazione con i partner sia corretta. A mio parere le questioni riguardanti i curricola e gli standard didattici non dovrebbero essere oggetto di pressioni politiche n\u00e9 ridotti a condizioni per il sostegno. Ci siamo riuniti sulla base di una collaborazione progettuale e nel pieno rispetto delle differenze reciproche. Nessuno afferma che ci sia piena compatibilit\u00e0 sui temi ideologici. L\u2019educazione sanitaria viene attuata come attivit\u00e0 extradidattica riguardo alla quale la decisione spetta ai genitori degli alunni. I contenuti sono stati ideati da esperti riconosciuti e non dalla politica. Onde superare determinate perplessit\u00e0 emerse nel dibattito pubblico ho inviato una nota alla tutrice civica e sono in attesa di conoscere la sua presa di posizione sulle questioni sollevate dalla consigliera Mandi\u0107\u201c, ha detto Rin\u010di\u0107, che ha aggiunto di essere fiduciosa del fatto che la maggioranza in Consiglio municipale non \u00e8 a rischio.<\/p>\n<p>Rispondendo alla domanda sull\u2019andamento dei lavori di ricostruzione del condominio in via Zanon 1 distrutto dall\u2019incendio la sindaca ha dichiarato di essere in contatto costante con i rappresentanti dei condomini e degli affittuari dei vani, nonch\u00e9 con gli esecutori dei lavori.<\/p>\n<p>\u201cConsiderato che sono gi\u00e0 passati 100 giorni dall\u2019incendio non possiamo essere soddisfatti delle tempistiche dei lavori. Il 9 febbraio la Citt\u00e0 ha approvato la decisione con la quale ha rilevato i lavori. Attualmente la societ\u00e0 Bari\u0107 gradnja sta svolgendo i lavori previsti dall\u2019accordo, il termine per la conclusione dei lavori di ricostruzione del tetto \u00e8 90 giorni, ma \u00e8 stato annunciato che considerate le favorevoli condizioni meteo potrebbero essere conclusi in anticipo\u201d, ha detto la sindaca.<\/p>\n<p>Rin\u010di\u0107 ha commentato anche le critiche dell\u2019SDP incentrate sui costanti richiami ai passi falsi delle amministrazioni a guida SDP e sulle esitazioni a presentare i progetti da lei promossi.<\/p>\n<p>\u201cLa situazione che abbiamo trovato \u00e8 peggiore di quanto immaginavamo sia nell\u2019amministrazione cittadina sia nelle municipalizzate. Abbiamo fatto un\u2019analisi del sistema comunale onde prendere visione dello stato dell\u2019arte e delle sfide che ci attendono. Non sostengo che con la nomina dei direttori siano stati risolti tutti i problemi, ma abbiamo avviato un processo di riforma del sistema comunale e abbiamo fatto passi avanti nella direzione del suo miglioramento. Per quanto riguarda i progetti di sviluppo la documentazione necessaria o non c\u2019era proprio o era carente e questo determina una dilatazione dei termini. In molti caso risulta infatti necessario avviare le procedure di acquisizione pubblica per la scelta dei progettisti e per la stesura della documentazione. Stiamo preparando i progetti per il prossimo ciclo di programmi ITU e nel corso dell\u2019anno pianifichiamo di notificare alcune scuole elementari al bando prorogato per il loro rinnovo e la costruzione. Lavoriamo intensamente, ma non desideriamo presentarci all\u2019opinione pubblica annunciando iniziative prima di essere certi di poter esibire anche dei risultati concreti. Ai cittadini di Fiume erano state fatte promesse riguardo a progetti che non si sono realizzati o che hanno registrato significativi ritardi\u201d, ha risposto la sindaca.<\/p>\n<div id=\"attachment_20242\" class=\"wp-caption alignright\"><a href=\"https:\/\/www.rijeka.hr\/it\/wp-content\/uploads\/sites\/3\/2026\/03\/La-sindaca-Iva-Rincic-e-Aleksandar-Sasa-Milakovic.jpg\" data-rel=\"lightbox-image-1\" data-rl_title=\"\" data-rl_caption=\"\" title=\"\"><img loading=\"lazy\" decoding=\"async\" class=\"size-full wp-image-20242\" src=\"https:\/\/www.rijeka.hr\/it\/wp-content\/uploads\/sites\/3\/2026\/03\/La-sindaca-Iva-Rincic-e-Aleksandar-Sasa-Milakovic.jpg\" alt=\"La sindaca Iva Rin\u010di\u0107 e Aleksandar-Sa\u0161a Milakovi\u0107\" width=\"1600\" height=\"1068\" srcset=\"https:\/\/www.rijeka.hr\/it\/wp-content\/uploads\/sites\/3\/2026\/03\/La-sindaca-Iva-Rincic-e-Aleksandar-Sasa-Milakovic.jpg 1600w, https:\/\/www.rijeka.hr\/it\/wp-content\/uploads\/sites\/3\/2026\/03\/La-sindaca-Iva-Rincic-e-Aleksandar-Sasa-Milakovic-600x400.jpg 600w, https:\/\/www.rijeka.hr\/it\/wp-content\/uploads\/sites\/3\/2026\/03\/La-sindaca-Iva-Rincic-e-Aleksandar-Sasa-Milakovic-1200x800.jpg 1200w, https:\/\/www.rijeka.hr\/it\/wp-content\/uploads\/sites\/3\/2026\/03\/La-sindaca-Iva-Rincic-e-Aleksandar-Sasa-Milakovic-768x513.jpg 768w, https:\/\/www.rijeka.hr\/it\/wp-content\/uploads\/sites\/3\/2026\/03\/La-sindaca-Iva-Rincic-e-Aleksandar-Sasa-Milakovic-1536x1025.jpg 1536w, https:\/\/www.rijeka.hr\/it\/wp-content\/uploads\/sites\/3\/2026\/03\/La-sindaca-Iva-Rincic-e-Aleksandar-Sasa-Milakovic-899x600.jpg 899w\" sizes=\"(max-width: 1600px) 100vw, 1600px\" \/><\/a><p class=\"wp-caption-text\">La sindaca Iva Rin\u010di\u0107 e Aleksandar-Sa\u0161a Milakovi\u0107<\/p><\/div>\n<p>Alla domanda sull\u2019eventuale avvio di processi civili per il risarcimento dei danni nei confronti degli ex sindaci ha risposto: \u201cLaddove sussistono gli estremi legali per rivolgerci al Tribunale con una richiesta patrimoniale la Citt\u00e0 proceder\u00e0\u201d.<\/p>\n<p>Ha reso noto anche che per l\u2019impianto di selezione dei rifiuti (Sortirnica) la Citt\u00e0 non ha ancora pagato la multa perch\u00e9 ha presentato ricorso al Fondo e ne attende l\u2019esito.<\/p>\n<p>Alla domanda sulla Rijeka Plus e la vicenda riguardante Molo Segna (Senjsko pristani\u0161te) che ha comportato il pagamento di una multa di 530.000,00 euro a causa della concessione non valida ha risposto il vicesindaco Vedran Vivoda.<\/p>\n<p>\u201cSiamo di fronte a una situazione complessa nell\u2019ambito della quale ci sono stati diversi inadempimenti. La questione risale al 2020, anno in cui \u00e8 stato approvato l\u2019atto di fondazione della nuova Port Authority che ha escluso l\u2019area in parola dall\u2019attivit\u00e0 portuale. In quel momento la Regione Litoraneo-montana doveva rilevare le competenze e bandire un nuovo concorso per la concessione. C\u2019\u00e8 da chiedersi chi avrebbe dovuto reagire e avvisare i soggetti coinvolti &#8211; il Porto di Fiume, la Port Authority o altri? Proprio alla luce di quanto detto, ci siamo rivolti ai competenti organi amministrativi per tentare di ridurre l\u2019importo della sanzione comminata e ottenere nel caso un rimborso. Purtroppo la sanzione doveva essere pagata prima della conclusione delle procedure giudiziarie. Sia come sia, ai sensi delle norme vigenti la Regione era tenuta a bandire la nuova concessione nel 2020. Ora spetta ogli organi giudiziari stabilire le responsabilit\u00e0 per eventuali inadempimenti\u201d, ha concluso Vivoda.<\/p>\n","protected":false},"excerpt":{"rendered":"<p>La sindaca Iva Rin\u010di\u0107 ha annunciato l\u2019istituzione di un nuovo premio pensato per promuovere la cultura della nonviolenza e della pace e ha fatto il punto sulle principali decisioni prese dal Collegio cittadino, tra cui quelle relative all\u2019Istituto per l\u2019assetto territoriale, al versamento del bonus pasquale, agli investimenti aggiuntivi nella sanit\u00e0, nei programmi di welfare e a favore dell\u2019Unit\u00e0 dei Vigili del fuoco.<\/p>\n","protected":false},"author":95,"featured_media":20240,"comment_status":"open","ping_status":"closed","sticky":false,"template":"","format":"standard","meta":{"_acf_changed":false,"_trash_the_other_posts":false,"footnotes":"","_links_to":"","_links_to_target":""},"categories":[1],"tags":[],"class_list":["post-20238","post","type-post","status-publish","format-standard","has-post-thumbnail","hentry","category-non-categorizzato"],"acf":[],"yoast_head":"<!-- This site is optimized with the Yoast SEO plugin v24.4 - https:\/\/yoast.com\/wordpress\/plugins\/seo\/ -->\n<title>Rin\u010di\u0107 fa il punto su una serie di nuove decisioni: dalla pianificazione territoriale al premio Nonviolenza - Citt\u00e0 di Fiume<\/title>\n<meta name=\"robots\" content=\"index, follow, max-snippet:-1, max-image-preview:large, max-video-preview:-1\" \/>\n<link rel=\"canonical\" href=\"https:\/\/www.rijeka.hr\/it\/rincic-fa-il-punto-su-una-serie-di-nuove-decisioni-dalla-pianificazione-territoriale-al-premio-nonviolenza\/\" \/>\n<meta property=\"og:locale\" content=\"it_IT\" \/>\n<meta property=\"og:type\" content=\"article\" \/>\n<meta property=\"og:title\" content=\"Rin\u010di\u0107 fa il punto su una serie di nuove decisioni: dalla pianificazione territoriale al premio Nonviolenza - Citt\u00e0 di Fiume\" \/>\n<meta property=\"og:description\" content=\"La sindaca Iva Rin\u010di\u0107 ha annunciato l\u2019istituzione di un nuovo premio pensato per promuovere la cultura della nonviolenza e della pace e ha fatto il punto sulle principali decisioni prese dal Collegio cittadino, tra cui quelle relative all\u2019Istituto per l\u2019assetto territoriale, al versamento del bonus pasquale, agli investimenti aggiuntivi nella sanit\u00e0, nei programmi di welfare e a favore dell\u2019Unit\u00e0 dei Vigili del fuoco.\" \/>\n<meta property=\"og:url\" content=\"https:\/\/www.rijeka.hr\/it\/rincic-fa-il-punto-su-una-serie-di-nuove-decisioni-dalla-pianificazione-territoriale-al-premio-nonviolenza\/\" \/>\n<meta property=\"og:site_name\" content=\"Citt\u00e0 di Fiume\" \/>\n<meta property=\"article:published_time\" content=\"2026-03-05T12:10:20+00:00\" \/>\n<meta property=\"article:modified_time\" content=\"2026-03-06T12:14:07+00:00\" \/>\n<meta property=\"og:image\" content=\"https:\/\/www.rijeka.hr\/it\/wp-content\/uploads\/sites\/3\/2026\/03\/La-sindaca-Iva-Rincic.jpg\" \/>\n\t<meta property=\"og:image:width\" content=\"1600\" \/>\n\t<meta property=\"og:image:height\" content=\"1067\" \/>\n\t<meta property=\"og:image:type\" content=\"image\/jpeg\" \/>\n<meta name=\"author\" content=\"neva\" \/>\n<meta name=\"twitter:card\" content=\"summary_large_image\" \/>\n<meta name=\"twitter:label1\" content=\"Written by\" \/>\n\t<meta name=\"twitter:data1\" content=\"neva\" \/>\n\t<meta name=\"twitter:label2\" content=\"Est. reading time\" \/>\n\t<meta name=\"twitter:data2\" content=\"9 minutes\" \/>\n<script type=\"application\/ld+json\" class=\"yoast-schema-graph\">{\"@context\":\"https:\/\/schema.org\",\"@graph\":[{\"@type\":\"WebPage\",\"@id\":\"https:\/\/www.rijeka.hr\/it\/rincic-fa-il-punto-su-una-serie-di-nuove-decisioni-dalla-pianificazione-territoriale-al-premio-nonviolenza\/\",\"url\":\"https:\/\/www.rijeka.hr\/it\/rincic-fa-il-punto-su-una-serie-di-nuove-decisioni-dalla-pianificazione-territoriale-al-premio-nonviolenza\/\",\"name\":\"Rin\u010di\u0107 fa il punto su una serie di nuove decisioni: dalla pianificazione territoriale al premio Nonviolenza - Citt\u00e0 di Fiume\",\"isPartOf\":{\"@id\":\"https:\/\/www.rijeka.hr\/it\/#website\"},\"primaryImageOfPage\":{\"@id\":\"https:\/\/www.rijeka.hr\/it\/rincic-fa-il-punto-su-una-serie-di-nuove-decisioni-dalla-pianificazione-territoriale-al-premio-nonviolenza\/#primaryimage\"},\"image\":{\"@id\":\"https:\/\/www.rijeka.hr\/it\/rincic-fa-il-punto-su-una-serie-di-nuove-decisioni-dalla-pianificazione-territoriale-al-premio-nonviolenza\/#primaryimage\"},\"thumbnailUrl\":\"https:\/\/www.rijeka.hr\/it\/wp-content\/uploads\/sites\/3\/2026\/03\/La-sindaca-Iva-Rincic.jpg\",\"datePublished\":\"2026-03-05T12:10:20+00:00\",\"dateModified\":\"2026-03-06T12:14:07+00:00\",\"author\":{\"@id\":\"https:\/\/www.rijeka.hr\/it\/#\/schema\/person\/663e79531920a3de06256465dc9d948d\"},\"breadcrumb\":{\"@id\":\"https:\/\/www.rijeka.hr\/it\/rincic-fa-il-punto-su-una-serie-di-nuove-decisioni-dalla-pianificazione-territoriale-al-premio-nonviolenza\/#breadcrumb\"},\"inLanguage\":\"it-IT\",\"potentialAction\":[{\"@type\":\"ReadAction\",\"target\":[\"https:\/\/www.rijeka.hr\/it\/rincic-fa-il-punto-su-una-serie-di-nuove-decisioni-dalla-pianificazione-territoriale-al-premio-nonviolenza\/\"]}]},{\"@type\":\"ImageObject\",\"inLanguage\":\"it-IT\",\"@id\":\"https:\/\/www.rijeka.hr\/it\/rincic-fa-il-punto-su-una-serie-di-nuove-decisioni-dalla-pianificazione-territoriale-al-premio-nonviolenza\/#primaryimage\",\"url\":\"https:\/\/www.rijeka.hr\/it\/wp-content\/uploads\/sites\/3\/2026\/03\/La-sindaca-Iva-Rincic.jpg\",\"contentUrl\":\"https:\/\/www.rijeka.hr\/it\/wp-content\/uploads\/sites\/3\/2026\/03\/La-sindaca-Iva-Rincic.jpg\",\"width\":1600,\"height\":1067,\"caption\":\"La sindaca Iva Rin\u010di\u0107\"},{\"@type\":\"BreadcrumbList\",\"@id\":\"https:\/\/www.rijeka.hr\/it\/rincic-fa-il-punto-su-una-serie-di-nuove-decisioni-dalla-pianificazione-territoriale-al-premio-nonviolenza\/#breadcrumb\",\"itemListElement\":[{\"@type\":\"ListItem\",\"position\":1,\"name\":\"Po\u010detna stranica\",\"item\":\"https:\/\/www.rijeka.hr\/it\/\"},{\"@type\":\"ListItem\",\"position\":2,\"name\":\"Rin\u010di\u0107 fa il punto su una serie di nuove decisioni: dalla pianificazione territoriale al premio Nonviolenza\"}]},{\"@type\":\"WebSite\",\"@id\":\"https:\/\/www.rijeka.hr\/it\/#website\",\"url\":\"https:\/\/www.rijeka.hr\/it\/\",\"name\":\"Citt\u00e0 di Fiume\",\"description\":\"Portale web della Citta&#039; di Fiume\",\"potentialAction\":[{\"@type\":\"SearchAction\",\"target\":{\"@type\":\"EntryPoint\",\"urlTemplate\":\"https:\/\/www.rijeka.hr\/it\/?s={search_term_string}\"},\"query-input\":{\"@type\":\"PropertyValueSpecification\",\"valueRequired\":true,\"valueName\":\"search_term_string\"}}],\"inLanguage\":\"it-IT\"},{\"@type\":\"Person\",\"@id\":\"https:\/\/www.rijeka.hr\/it\/#\/schema\/person\/663e79531920a3de06256465dc9d948d\",\"name\":\"neva\",\"image\":{\"@type\":\"ImageObject\",\"inLanguage\":\"it-IT\",\"@id\":\"https:\/\/www.rijeka.hr\/it\/#\/schema\/person\/image\/\",\"url\":\"https:\/\/secure.gravatar.com\/avatar\/b8343288b57bef5feb410c8a30ef5680?s=96&d=mm&r=g\",\"contentUrl\":\"https:\/\/secure.gravatar.com\/avatar\/b8343288b57bef5feb410c8a30ef5680?s=96&d=mm&r=g\",\"caption\":\"neva\"},\"sameAs\":[\"https:\/\/www.rijeka.hr\/\"],\"url\":\"https:\/\/www.rijeka.hr\/it\/author\/neva\/\"}]}<\/script>\n<!-- \/ Yoast SEO plugin. -->","yoast_head_json":{"title":"Rin\u010di\u0107 fa il punto su una serie di nuove decisioni: dalla pianificazione territoriale al premio Nonviolenza - Citt\u00e0 di Fiume","robots":{"index":"index","follow":"follow","max-snippet":"max-snippet:-1","max-image-preview":"max-image-preview:large","max-video-preview":"max-video-preview:-1"},"canonical":"https:\/\/www.rijeka.hr\/it\/rincic-fa-il-punto-su-una-serie-di-nuove-decisioni-dalla-pianificazione-territoriale-al-premio-nonviolenza\/","og_locale":"it_IT","og_type":"article","og_title":"Rin\u010di\u0107 fa il punto su una serie di nuove decisioni: dalla pianificazione territoriale al premio Nonviolenza - Citt\u00e0 di Fiume","og_description":"La sindaca Iva Rin\u010di\u0107 ha annunciato l\u2019istituzione di un nuovo premio pensato per promuovere la cultura della nonviolenza e della pace e ha fatto il punto sulle principali decisioni prese dal Collegio cittadino, tra cui quelle relative all\u2019Istituto per l\u2019assetto territoriale, al versamento del bonus pasquale, agli investimenti aggiuntivi nella sanit\u00e0, nei programmi di welfare e a favore dell\u2019Unit\u00e0 dei Vigili del fuoco.","og_url":"https:\/\/www.rijeka.hr\/it\/rincic-fa-il-punto-su-una-serie-di-nuove-decisioni-dalla-pianificazione-territoriale-al-premio-nonviolenza\/","og_site_name":"Citt\u00e0 di Fiume","article_published_time":"2026-03-05T12:10:20+00:00","article_modified_time":"2026-03-06T12:14:07+00:00","og_image":[{"width":1600,"height":1067,"url":"https:\/\/www.rijeka.hr\/it\/wp-content\/uploads\/sites\/3\/2026\/03\/La-sindaca-Iva-Rincic.jpg","type":"image\/jpeg"}],"author":"neva","twitter_card":"summary_large_image","twitter_misc":{"Written by":"neva","Est. reading time":"9 minutes"},"schema":{"@context":"https:\/\/schema.org","@graph":[{"@type":"WebPage","@id":"https:\/\/www.rijeka.hr\/it\/rincic-fa-il-punto-su-una-serie-di-nuove-decisioni-dalla-pianificazione-territoriale-al-premio-nonviolenza\/","url":"https:\/\/www.rijeka.hr\/it\/rincic-fa-il-punto-su-una-serie-di-nuove-decisioni-dalla-pianificazione-territoriale-al-premio-nonviolenza\/","name":"Rin\u010di\u0107 fa il punto su una serie di nuove decisioni: dalla pianificazione territoriale al premio Nonviolenza - Citt\u00e0 di Fiume","isPartOf":{"@id":"https:\/\/www.rijeka.hr\/it\/#website"},"primaryImageOfPage":{"@id":"https:\/\/www.rijeka.hr\/it\/rincic-fa-il-punto-su-una-serie-di-nuove-decisioni-dalla-pianificazione-territoriale-al-premio-nonviolenza\/#primaryimage"},"image":{"@id":"https:\/\/www.rijeka.hr\/it\/rincic-fa-il-punto-su-una-serie-di-nuove-decisioni-dalla-pianificazione-territoriale-al-premio-nonviolenza\/#primaryimage"},"thumbnailUrl":"https:\/\/www.rijeka.hr\/it\/wp-content\/uploads\/sites\/3\/2026\/03\/La-sindaca-Iva-Rincic.jpg","datePublished":"2026-03-05T12:10:20+00:00","dateModified":"2026-03-06T12:14:07+00:00","author":{"@id":"https:\/\/www.rijeka.hr\/it\/#\/schema\/person\/663e79531920a3de06256465dc9d948d"},"breadcrumb":{"@id":"https:\/\/www.rijeka.hr\/it\/rincic-fa-il-punto-su-una-serie-di-nuove-decisioni-dalla-pianificazione-territoriale-al-premio-nonviolenza\/#breadcrumb"},"inLanguage":"it-IT","potentialAction":[{"@type":"ReadAction","target":["https:\/\/www.rijeka.hr\/it\/rincic-fa-il-punto-su-una-serie-di-nuove-decisioni-dalla-pianificazione-territoriale-al-premio-nonviolenza\/"]}]},{"@type":"ImageObject","inLanguage":"it-IT","@id":"https:\/\/www.rijeka.hr\/it\/rincic-fa-il-punto-su-una-serie-di-nuove-decisioni-dalla-pianificazione-territoriale-al-premio-nonviolenza\/#primaryimage","url":"https:\/\/www.rijeka.hr\/it\/wp-content\/uploads\/sites\/3\/2026\/03\/La-sindaca-Iva-Rincic.jpg","contentUrl":"https:\/\/www.rijeka.hr\/it\/wp-content\/uploads\/sites\/3\/2026\/03\/La-sindaca-Iva-Rincic.jpg","width":1600,"height":1067,"caption":"La sindaca Iva Rin\u010di\u0107"},{"@type":"BreadcrumbList","@id":"https:\/\/www.rijeka.hr\/it\/rincic-fa-il-punto-su-una-serie-di-nuove-decisioni-dalla-pianificazione-territoriale-al-premio-nonviolenza\/#breadcrumb","itemListElement":[{"@type":"ListItem","position":1,"name":"Po\u010detna stranica","item":"https:\/\/www.rijeka.hr\/it\/"},{"@type":"ListItem","position":2,"name":"Rin\u010di\u0107 fa il punto su una serie di nuove decisioni: dalla pianificazione territoriale al premio Nonviolenza"}]},{"@type":"WebSite","@id":"https:\/\/www.rijeka.hr\/it\/#website","url":"https:\/\/www.rijeka.hr\/it\/","name":"Citt\u00e0 di Fiume","description":"Portale web della Citta&#039; di Fiume","potentialAction":[{"@type":"SearchAction","target":{"@type":"EntryPoint","urlTemplate":"https:\/\/www.rijeka.hr\/it\/?s={search_term_string}"},"query-input":{"@type":"PropertyValueSpecification","valueRequired":true,"valueName":"search_term_string"}}],"inLanguage":"it-IT"},{"@type":"Person","@id":"https:\/\/www.rijeka.hr\/it\/#\/schema\/person\/663e79531920a3de06256465dc9d948d","name":"neva","image":{"@type":"ImageObject","inLanguage":"it-IT","@id":"https:\/\/www.rijeka.hr\/it\/#\/schema\/person\/image\/","url":"https:\/\/secure.gravatar.com\/avatar\/b8343288b57bef5feb410c8a30ef5680?s=96&d=mm&r=g","contentUrl":"https:\/\/secure.gravatar.com\/avatar\/b8343288b57bef5feb410c8a30ef5680?s=96&d=mm&r=g","caption":"neva"},"sameAs":["https:\/\/www.rijeka.hr\/"],"url":"https:\/\/www.rijeka.hr\/it\/author\/neva\/"}]}},"_links":{"self":[{"href":"https:\/\/www.rijeka.hr\/it\/wp-json\/wp\/v2\/posts\/20238","targetHints":{"allow":["GET"]}}],"collection":[{"href":"https:\/\/www.rijeka.hr\/it\/wp-json\/wp\/v2\/posts"}],"about":[{"href":"https:\/\/www.rijeka.hr\/it\/wp-json\/wp\/v2\/types\/post"}],"author":[{"embeddable":true,"href":"https:\/\/www.rijeka.hr\/it\/wp-json\/wp\/v2\/users\/95"}],"replies":[{"embeddable":true,"href":"https:\/\/www.rijeka.hr\/it\/wp-json\/wp\/v2\/comments?post=20238"}],"version-history":[{"count":3,"href":"https:\/\/www.rijeka.hr\/it\/wp-json\/wp\/v2\/posts\/20238\/revisions"}],"predecessor-version":[{"id":20244,"href":"https:\/\/www.rijeka.hr\/it\/wp-json\/wp\/v2\/posts\/20238\/revisions\/20244"}],"wp:featuredmedia":[{"embeddable":true,"href":"https:\/\/www.rijeka.hr\/it\/wp-json\/wp\/v2\/media\/20240"}],"wp:attachment":[{"href":"https:\/\/www.rijeka.hr\/it\/wp-json\/wp\/v2\/media?parent=20238"}],"wp:term":[{"taxonomy":"category","embeddable":true,"href":"https:\/\/www.rijeka.hr\/it\/wp-json\/wp\/v2\/categories?post=20238"},{"taxonomy":"post_tag","embeddable":true,"href":"https:\/\/www.rijeka.hr\/it\/wp-json\/wp\/v2\/tags?post=20238"}],"curies":[{"name":"wp","href":"https:\/\/api.w.org\/{rel}","templated":true}]}}