{"id":4652,"date":"2017-08-17T14:35:34","date_gmt":"2017-08-17T12:35:34","guid":{"rendered":"https:\/\/www.rijeka.hr\/it\/?p=4652"},"modified":"2019-10-11T10:00:05","modified_gmt":"2019-10-11T08:00:05","slug":"partire-dal-1mo-settembre-prezzi-piu-alti-per-servizi-della-municipalizzata-cistoca-causa-di-un-nuovo-metodo-di-gestione-dei-rifiuti","status":"publish","type":"post","link":"https:\/\/www.rijeka.hr\/it\/partire-dal-1mo-settembre-prezzi-piu-alti-per-servizi-della-municipalizzata-cistoca-causa-di-un-nuovo-metodo-di-gestione-dei-rifiuti\/","title":{"rendered":"A partire dal 1mo settembre prezzi pi\u00f9 alti per i servizi della municipalizzata \u201c\u010cisto\u0107a\u201d a causa di un nuovo metodo di gestione dei rifiuti"},"content":{"rendered":"<p>Il sindaco Vojko Obersnel ha dato il suo consenso alla municipalizzata \u010cisto\u0107a per il nuovo tariffario per la gestione dei rifiuti comunali prodotti dalle attivit\u00e0 domestiche ed economiche, che entra in vigore a partire dal 1mo settembre di quest\u2019anno, e rispetto al quale il previo consenso ha dato l\u2019Organismo di sorveglianza della municipalizzata \u201c\u010cisto\u0107a\u201d e il Consiglio per la tutela dei consumatori. Il prezzo medio mensile del trasporto e della gestione dei rifiuti comunali per un nucleo familiare, inclusa l\u2019IVA, aumenterebbe a 70,16 kune dalle 33,63 kune attuali, ovvero di 36,53 kune.<\/p>\n<p>L\u2019ultimo rincaro dei servizi della \u010cisto\u0107a \u00e8 stato nel 1995 e da allora il prezzo non ha subito cambiamenti anche se nel periodo di vent\u2019anni, le spese della gestione dei rifiuti sono state aumentate in quasi tutti i segmenti.<\/p>\n<p><img decoding=\"async\" class=\"wp-image-55187 size-full alignleft\" src=\"https:\/\/www.rijeka.hr\/wp-content\/uploads\/2017\/07\/4.-kolegij-gradona\u010delnika-7.jpg\" alt=\"Jasna Kukuljan\" \/><\/p>\n<p>La proiezione del nuovo prezzo di gestione dei rifiuti comunali \u00e8 stata preparata in base alle note spese per la gestione dei rifiuti comunali nel 2015 e 2016, le spese sostenute all\u2019inizio del lavoro del Centro regionale per la gestione dei rifiuti di Mari\u0161\u0107ina a marzo e conformemente alle nuove disposizioni di legge.<\/p>\n<p>Stimiamo che al CRGR di Mari\u0161\u0107ina nei prossimi anni circa 60.000 tonnellate dei rifiuti comunali saranno trattate all\u2019anno che include un aumento del 10 % della quantit\u00e0 complessiva dei rifiuti nel prossimo periodo, principalmente a causa della crescita economica e un aumento dei raccolti rifiuti riciclabili fino al 20 %. Le stimate spese complessive della gestione dei rifiuti comunali su base annua ammontano a 106,6 milioni di kune, ovvero, se non aumentiamo il prezzo attuale del trattamento per una tonnellata dei rifiuti comunali di 470 kune, il reddito annuale ammonterebbe a 53,7 milioni di kune, generando una perdita pari a 52,9 milioni di kune.<\/p>\n<p><img loading=\"lazy\" decoding=\"async\" class=\"wp-image-55181 size-full alignleft\" src=\"https:\/\/www.rijeka.hr\/wp-content\/uploads\/2017\/07\/4.-kolegij-gradona\u010delnika-1.jpg\" alt=\"4. kolegij gradona\u010delnika\" width=\"472\" height=\"281\" \/>\u201cSiamo consapevoli che non sia popolare adottare tali decisioni, ma sapevamo che cosa ci aspettava dal momento quando abbiamo avviato la realizzazione del Centro regionale per la gestione dei rifiuti di Mari\u0161\u0107ina. Per 22 anni non abbiamo aumentato il prezzo, e solo dopo la messa in funzione della zona Mari\u0161\u0107ina possiamo parlare della gestione dei rifiuti, perch\u00e9 prima di questo avevamo l\u2019abitudine di seppellire i rifiuti\u201c ha detto il\u00a0sindaco Obersnel aggiungendo che questa soluzione era meno costosa dell\u2019attuale modello ecologicamente accettabile di gestire i rifiuti con il trattamento meccanico-biologico. La gestione dei rifiuti \u00e8 stata determinata con il Piano della gestione dei rifiuti della Repubblica di Croazia, il quale prevede la costruzione di 20 centri regionali per la gestione dei rifiuti, di cui solo il Centro Mari\u0161\u0107ina \u00e8 stato messo in funzione.<\/p>\n<p>Il sindaco Obersnel ha voluto ricordare agli astanti il fatto, che dal giugno 2015 al marzo 2017, la \u010cisto\u0107a era costretta a trasportare i rifiuti verso altre discariche di rifiuti in Croazia, in quanto il centro Mari\u0161\u0107ina non era pronto per entrare in funzione, ma a quel punto non ho dato il consenso per l\u2019aumento del prezzo e tutto il costo generato ha prodotto le perdite operative della municipalizzata \u010cisto\u0107e, che sono state coperte con profitti.<\/p>\n<p><img loading=\"lazy\" decoding=\"async\" class=\"wp-image-55185 size-medium alignleft\" src=\"https:\/\/www.rijeka.hr\/wp-content\/uploads\/2017\/07\/4.-kolegij-gradona\u010delnika-5.jpg\" alt=\"4. kolegij gradona\u010delnika\" width=\"600\" height=\"400\" \/>\u201cQuesto aumento del prezzo per il servizio di gestione dei rifiuti riguarda esclusivamente i futuri costi della gestione dei rifiuti al Centro regionale per la gestione dei rifiuti di Mari\u0161\u0107ina, e sta a noi a trovare un modello in cui incentivare i cittadini a praticare la raccolta differenziata che potrebbe essere stimolata con un prezzo inferiore: pi\u00f9 si differenzia e si producono meno rifiuti che devono essere trasportati verso Mari\u0161\u0107ina, si paga meno\u201c.<\/p>\n<p>Nel corso del collegio il sindaco ha approvato la Relazione sul lavoro dei consigli dei comitati di quartiere sul territorio della citt\u00e0 di Fiume nel 2016. Le attivit\u00e0 dei comitati di quartiere sono state finanziate con i mezzi del Bilancio della Citt\u00e0 di Fiume e con donazioni, nell\u2019importo totale di 2,43 milioni di kune.<\/p>\n<p>Il sindaco ha approvato la Relazione sui conseguimenti dei migliori alunni e dei loro mentori, insegnanti in diverse competizioni a livello nazione e internazionale. Nel corso dello scorso anno scolastico 62 mentori hanno preparato 162 alunni per diverse competizioni, di cui 103 alunni hanno vinto uno dei primi tre posti a livello nazionale o internazionale delle competizioni e 59 alunni in diversi incontri e rassegne nazionali.<\/p>\n","protected":false},"excerpt":{"rendered":"<p>Il sindaco Vojko Obersnel ha dato il suo consenso alla municipalizzata \u010cisto\u0107a per il nuovo tariffario per la gestione dei rifiuti comunali prodotti dalle attivit\u00e0 domestiche ed economiche, che entra in vigore a partire dal 1mo settembre di quest\u2019anno, e rispetto al quale il previo consenso ha dato l\u2019Organismo di sorveglianza della municipalizzata \u201c\u010cisto\u0107a\u201d e&#8230;<\/p>\n","protected":false},"author":72,"featured_media":4656,"comment_status":"open","ping_status":"open","sticky":false,"template":"","format":"standard","meta":{"_acf_changed":false,"_trash_the_other_posts":false,"footnotes":"","_links_to":"","_links_to_target":""},"categories":[416],"tags":[454,455,453],"class_list":["post-4652","post","type-post","status-publish","format-standard","has-post-thumbnail","hentry","category-collegio-del-sindaco","tag-centro-per-la-gestione-dei-rifiuti-di-mariscina","tag-conseguimenti-dei-migliori-alunni-e-dei-loro-mentori","tag-prezzo-per-il-servizi-della-municipalizzata-cistoca"],"acf":[],"yoast_head":"<!-- This site is optimized with the Yoast SEO plugin v24.4 - https:\/\/yoast.com\/wordpress\/plugins\/seo\/ -->\n<title>A partire dal 1mo settembre prezzi pi\u00f9 alti per i servizi della municipalizzata \u201c\u010cisto\u0107a\u201d a causa di un nuovo metodo di gestione dei rifiuti - Citt\u00e0 di Fiume<\/title>\n<meta name=\"robots\" content=\"index, follow, max-snippet:-1, max-image-preview:large, max-video-preview:-1\" \/>\n<link rel=\"canonical\" href=\"https:\/\/www.rijeka.hr\/it\/partire-dal-1mo-settembre-prezzi-piu-alti-per-servizi-della-municipalizzata-cistoca-causa-di-un-nuovo-metodo-di-gestione-dei-rifiuti\/\" \/>\n<meta property=\"og:locale\" content=\"it_IT\" \/>\n<meta property=\"og:type\" content=\"article\" \/>\n<meta property=\"og:title\" content=\"A partire dal 1mo settembre prezzi pi\u00f9 alti per i servizi della municipalizzata \u201c\u010cisto\u0107a\u201d a causa di un nuovo metodo di gestione dei rifiuti - Citt\u00e0 di Fiume\" \/>\n<meta property=\"og:description\" content=\"Il sindaco Vojko Obersnel ha dato il suo consenso alla municipalizzata \u010cisto\u0107a per il nuovo tariffario per la gestione dei rifiuti comunali prodotti dalle attivit\u00e0 domestiche ed economiche, che entra in vigore a partire dal 1mo settembre di quest\u2019anno, e rispetto al quale il previo consenso ha dato l\u2019Organismo di sorveglianza della municipalizzata \u201c\u010cisto\u0107a\u201d e...\" \/>\n<meta property=\"og:url\" content=\"https:\/\/www.rijeka.hr\/it\/partire-dal-1mo-settembre-prezzi-piu-alti-per-servizi-della-municipalizzata-cistoca-causa-di-un-nuovo-metodo-di-gestione-dei-rifiuti\/\" \/>\n<meta property=\"og:site_name\" content=\"Citt\u00e0 di Fiume\" \/>\n<meta property=\"article:published_time\" content=\"2017-08-17T12:35:34+00:00\" \/>\n<meta property=\"article:modified_time\" content=\"2019-10-11T08:00:05+00:00\" \/>\n<meta property=\"og:image\" content=\"https:\/\/www.rijeka.hr\/it\/wp-content\/uploads\/sites\/3\/2017\/08\/4.-kolegij-gradona\u010delnika-6.jpg\" \/>\n\t<meta property=\"og:image:width\" content=\"600\" \/>\n\t<meta property=\"og:image:height\" content=\"400\" \/>\n\t<meta property=\"og:image:type\" content=\"image\/jpeg\" \/>\n<meta name=\"author\" content=\"topacak\" \/>\n<meta name=\"twitter:card\" content=\"summary_large_image\" \/>\n<meta name=\"twitter:label1\" content=\"Written by\" \/>\n\t<meta name=\"twitter:data1\" content=\"topacak\" \/>\n\t<meta name=\"twitter:label2\" content=\"Est. reading time\" \/>\n\t<meta name=\"twitter:data2\" content=\"3 minutes\" \/>\n<script type=\"application\/ld+json\" class=\"yoast-schema-graph\">{\"@context\":\"https:\/\/schema.org\",\"@graph\":[{\"@type\":\"WebPage\",\"@id\":\"https:\/\/www.rijeka.hr\/it\/partire-dal-1mo-settembre-prezzi-piu-alti-per-servizi-della-municipalizzata-cistoca-causa-di-un-nuovo-metodo-di-gestione-dei-rifiuti\/\",\"url\":\"https:\/\/www.rijeka.hr\/it\/partire-dal-1mo-settembre-prezzi-piu-alti-per-servizi-della-municipalizzata-cistoca-causa-di-un-nuovo-metodo-di-gestione-dei-rifiuti\/\",\"name\":\"A partire dal 1mo settembre prezzi pi\u00f9 alti per i servizi della municipalizzata \u201c\u010cisto\u0107a\u201d a causa di un nuovo metodo di gestione dei rifiuti - Citt\u00e0 di Fiume\",\"isPartOf\":{\"@id\":\"https:\/\/www.rijeka.hr\/it\/#website\"},\"primaryImageOfPage\":{\"@id\":\"https:\/\/www.rijeka.hr\/it\/partire-dal-1mo-settembre-prezzi-piu-alti-per-servizi-della-municipalizzata-cistoca-causa-di-un-nuovo-metodo-di-gestione-dei-rifiuti\/#primaryimage\"},\"image\":{\"@id\":\"https:\/\/www.rijeka.hr\/it\/partire-dal-1mo-settembre-prezzi-piu-alti-per-servizi-della-municipalizzata-cistoca-causa-di-un-nuovo-metodo-di-gestione-dei-rifiuti\/#primaryimage\"},\"thumbnailUrl\":\"https:\/\/www.rijeka.hr\/it\/wp-content\/uploads\/sites\/3\/2017\/08\/4.-kolegij-gradona\u010delnika-6.jpg\",\"datePublished\":\"2017-08-17T12:35:34+00:00\",\"dateModified\":\"2019-10-11T08:00:05+00:00\",\"author\":{\"@id\":\"https:\/\/www.rijeka.hr\/it\/#\/schema\/person\/937ff95cce2902467e44d2defbc047e3\"},\"breadcrumb\":{\"@id\":\"https:\/\/www.rijeka.hr\/it\/partire-dal-1mo-settembre-prezzi-piu-alti-per-servizi-della-municipalizzata-cistoca-causa-di-un-nuovo-metodo-di-gestione-dei-rifiuti\/#breadcrumb\"},\"inLanguage\":\"it-IT\",\"potentialAction\":[{\"@type\":\"ReadAction\",\"target\":[\"https:\/\/www.rijeka.hr\/it\/partire-dal-1mo-settembre-prezzi-piu-alti-per-servizi-della-municipalizzata-cistoca-causa-di-un-nuovo-metodo-di-gestione-dei-rifiuti\/\"]}]},{\"@type\":\"ImageObject\",\"inLanguage\":\"it-IT\",\"@id\":\"https:\/\/www.rijeka.hr\/it\/partire-dal-1mo-settembre-prezzi-piu-alti-per-servizi-della-municipalizzata-cistoca-causa-di-un-nuovo-metodo-di-gestione-dei-rifiuti\/#primaryimage\",\"url\":\"https:\/\/www.rijeka.hr\/it\/wp-content\/uploads\/sites\/3\/2017\/08\/4.-kolegij-gradona\u010delnika-6.jpg\",\"contentUrl\":\"https:\/\/www.rijeka.hr\/it\/wp-content\/uploads\/sites\/3\/2017\/08\/4.-kolegij-gradona\u010delnika-6.jpg\",\"width\":600,\"height\":400},{\"@type\":\"BreadcrumbList\",\"@id\":\"https:\/\/www.rijeka.hr\/it\/partire-dal-1mo-settembre-prezzi-piu-alti-per-servizi-della-municipalizzata-cistoca-causa-di-un-nuovo-metodo-di-gestione-dei-rifiuti\/#breadcrumb\",\"itemListElement\":[{\"@type\":\"ListItem\",\"position\":1,\"name\":\"Po\u010detna stranica\",\"item\":\"https:\/\/www.rijeka.hr\/it\/\"},{\"@type\":\"ListItem\",\"position\":2,\"name\":\"A partire dal 1mo settembre prezzi pi\u00f9 alti per i servizi della municipalizzata \u201c\u010cisto\u0107a\u201d a causa di un nuovo metodo di gestione dei rifiuti\"}]},{\"@type\":\"WebSite\",\"@id\":\"https:\/\/www.rijeka.hr\/it\/#website\",\"url\":\"https:\/\/www.rijeka.hr\/it\/\",\"name\":\"Citt\u00e0 di Fiume\",\"description\":\"Portale web della Citta&#039; di Fiume\",\"potentialAction\":[{\"@type\":\"SearchAction\",\"target\":{\"@type\":\"EntryPoint\",\"urlTemplate\":\"https:\/\/www.rijeka.hr\/it\/?s={search_term_string}\"},\"query-input\":{\"@type\":\"PropertyValueSpecification\",\"valueRequired\":true,\"valueName\":\"search_term_string\"}}],\"inLanguage\":\"it-IT\"},{\"@type\":\"Person\",\"@id\":\"https:\/\/www.rijeka.hr\/it\/#\/schema\/person\/937ff95cce2902467e44d2defbc047e3\",\"name\":\"topacak\",\"image\":{\"@type\":\"ImageObject\",\"inLanguage\":\"it-IT\",\"@id\":\"https:\/\/www.rijeka.hr\/it\/#\/schema\/person\/image\/\",\"url\":\"https:\/\/secure.gravatar.com\/avatar\/62d42d470811eb0295a5508d727b149f?s=96&d=mm&r=g\",\"contentUrl\":\"https:\/\/secure.gravatar.com\/avatar\/62d42d470811eb0295a5508d727b149f?s=96&d=mm&r=g\",\"caption\":\"topacak\"},\"url\":\"https:\/\/www.rijeka.hr\/it\/author\/topacak\/\"}]}<\/script>\n<!-- \/ Yoast SEO plugin. -->","yoast_head_json":{"title":"A partire dal 1mo settembre prezzi pi\u00f9 alti per i servizi della municipalizzata \u201c\u010cisto\u0107a\u201d a causa di un nuovo metodo di gestione dei rifiuti - Citt\u00e0 di Fiume","robots":{"index":"index","follow":"follow","max-snippet":"max-snippet:-1","max-image-preview":"max-image-preview:large","max-video-preview":"max-video-preview:-1"},"canonical":"https:\/\/www.rijeka.hr\/it\/partire-dal-1mo-settembre-prezzi-piu-alti-per-servizi-della-municipalizzata-cistoca-causa-di-un-nuovo-metodo-di-gestione-dei-rifiuti\/","og_locale":"it_IT","og_type":"article","og_title":"A partire dal 1mo settembre prezzi pi\u00f9 alti per i servizi della municipalizzata \u201c\u010cisto\u0107a\u201d a causa di un nuovo metodo di gestione dei rifiuti - Citt\u00e0 di Fiume","og_description":"Il sindaco Vojko Obersnel ha dato il suo consenso alla municipalizzata \u010cisto\u0107a per il nuovo tariffario per la gestione dei rifiuti comunali prodotti dalle attivit\u00e0 domestiche ed economiche, che entra in vigore a partire dal 1mo settembre di quest\u2019anno, e rispetto al quale il previo consenso ha dato l\u2019Organismo di sorveglianza della municipalizzata \u201c\u010cisto\u0107a\u201d e...","og_url":"https:\/\/www.rijeka.hr\/it\/partire-dal-1mo-settembre-prezzi-piu-alti-per-servizi-della-municipalizzata-cistoca-causa-di-un-nuovo-metodo-di-gestione-dei-rifiuti\/","og_site_name":"Citt\u00e0 di Fiume","article_published_time":"2017-08-17T12:35:34+00:00","article_modified_time":"2019-10-11T08:00:05+00:00","og_image":[{"width":600,"height":400,"url":"https:\/\/www.rijeka.hr\/it\/wp-content\/uploads\/sites\/3\/2017\/08\/4.-kolegij-gradona\u010delnika-6.jpg","type":"image\/jpeg"}],"author":"topacak","twitter_card":"summary_large_image","twitter_misc":{"Written by":"topacak","Est. reading time":"3 minutes"},"schema":{"@context":"https:\/\/schema.org","@graph":[{"@type":"WebPage","@id":"https:\/\/www.rijeka.hr\/it\/partire-dal-1mo-settembre-prezzi-piu-alti-per-servizi-della-municipalizzata-cistoca-causa-di-un-nuovo-metodo-di-gestione-dei-rifiuti\/","url":"https:\/\/www.rijeka.hr\/it\/partire-dal-1mo-settembre-prezzi-piu-alti-per-servizi-della-municipalizzata-cistoca-causa-di-un-nuovo-metodo-di-gestione-dei-rifiuti\/","name":"A partire dal 1mo settembre prezzi pi\u00f9 alti per i servizi della municipalizzata \u201c\u010cisto\u0107a\u201d a causa di un nuovo metodo di gestione dei rifiuti - Citt\u00e0 di Fiume","isPartOf":{"@id":"https:\/\/www.rijeka.hr\/it\/#website"},"primaryImageOfPage":{"@id":"https:\/\/www.rijeka.hr\/it\/partire-dal-1mo-settembre-prezzi-piu-alti-per-servizi-della-municipalizzata-cistoca-causa-di-un-nuovo-metodo-di-gestione-dei-rifiuti\/#primaryimage"},"image":{"@id":"https:\/\/www.rijeka.hr\/it\/partire-dal-1mo-settembre-prezzi-piu-alti-per-servizi-della-municipalizzata-cistoca-causa-di-un-nuovo-metodo-di-gestione-dei-rifiuti\/#primaryimage"},"thumbnailUrl":"https:\/\/www.rijeka.hr\/it\/wp-content\/uploads\/sites\/3\/2017\/08\/4.-kolegij-gradona\u010delnika-6.jpg","datePublished":"2017-08-17T12:35:34+00:00","dateModified":"2019-10-11T08:00:05+00:00","author":{"@id":"https:\/\/www.rijeka.hr\/it\/#\/schema\/person\/937ff95cce2902467e44d2defbc047e3"},"breadcrumb":{"@id":"https:\/\/www.rijeka.hr\/it\/partire-dal-1mo-settembre-prezzi-piu-alti-per-servizi-della-municipalizzata-cistoca-causa-di-un-nuovo-metodo-di-gestione-dei-rifiuti\/#breadcrumb"},"inLanguage":"it-IT","potentialAction":[{"@type":"ReadAction","target":["https:\/\/www.rijeka.hr\/it\/partire-dal-1mo-settembre-prezzi-piu-alti-per-servizi-della-municipalizzata-cistoca-causa-di-un-nuovo-metodo-di-gestione-dei-rifiuti\/"]}]},{"@type":"ImageObject","inLanguage":"it-IT","@id":"https:\/\/www.rijeka.hr\/it\/partire-dal-1mo-settembre-prezzi-piu-alti-per-servizi-della-municipalizzata-cistoca-causa-di-un-nuovo-metodo-di-gestione-dei-rifiuti\/#primaryimage","url":"https:\/\/www.rijeka.hr\/it\/wp-content\/uploads\/sites\/3\/2017\/08\/4.-kolegij-gradona\u010delnika-6.jpg","contentUrl":"https:\/\/www.rijeka.hr\/it\/wp-content\/uploads\/sites\/3\/2017\/08\/4.-kolegij-gradona\u010delnika-6.jpg","width":600,"height":400},{"@type":"BreadcrumbList","@id":"https:\/\/www.rijeka.hr\/it\/partire-dal-1mo-settembre-prezzi-piu-alti-per-servizi-della-municipalizzata-cistoca-causa-di-un-nuovo-metodo-di-gestione-dei-rifiuti\/#breadcrumb","itemListElement":[{"@type":"ListItem","position":1,"name":"Po\u010detna stranica","item":"https:\/\/www.rijeka.hr\/it\/"},{"@type":"ListItem","position":2,"name":"A partire dal 1mo settembre prezzi pi\u00f9 alti per i servizi della municipalizzata \u201c\u010cisto\u0107a\u201d a causa di un nuovo metodo di gestione dei rifiuti"}]},{"@type":"WebSite","@id":"https:\/\/www.rijeka.hr\/it\/#website","url":"https:\/\/www.rijeka.hr\/it\/","name":"Citt\u00e0 di Fiume","description":"Portale web della Citta&#039; di Fiume","potentialAction":[{"@type":"SearchAction","target":{"@type":"EntryPoint","urlTemplate":"https:\/\/www.rijeka.hr\/it\/?s={search_term_string}"},"query-input":{"@type":"PropertyValueSpecification","valueRequired":true,"valueName":"search_term_string"}}],"inLanguage":"it-IT"},{"@type":"Person","@id":"https:\/\/www.rijeka.hr\/it\/#\/schema\/person\/937ff95cce2902467e44d2defbc047e3","name":"topacak","image":{"@type":"ImageObject","inLanguage":"it-IT","@id":"https:\/\/www.rijeka.hr\/it\/#\/schema\/person\/image\/","url":"https:\/\/secure.gravatar.com\/avatar\/62d42d470811eb0295a5508d727b149f?s=96&d=mm&r=g","contentUrl":"https:\/\/secure.gravatar.com\/avatar\/62d42d470811eb0295a5508d727b149f?s=96&d=mm&r=g","caption":"topacak"},"url":"https:\/\/www.rijeka.hr\/it\/author\/topacak\/"}]}},"_links":{"self":[{"href":"https:\/\/www.rijeka.hr\/it\/wp-json\/wp\/v2\/posts\/4652","targetHints":{"allow":["GET"]}}],"collection":[{"href":"https:\/\/www.rijeka.hr\/it\/wp-json\/wp\/v2\/posts"}],"about":[{"href":"https:\/\/www.rijeka.hr\/it\/wp-json\/wp\/v2\/types\/post"}],"author":[{"embeddable":true,"href":"https:\/\/www.rijeka.hr\/it\/wp-json\/wp\/v2\/users\/72"}],"replies":[{"embeddable":true,"href":"https:\/\/www.rijeka.hr\/it\/wp-json\/wp\/v2\/comments?post=4652"}],"version-history":[{"count":10,"href":"https:\/\/www.rijeka.hr\/it\/wp-json\/wp\/v2\/posts\/4652\/revisions"}],"predecessor-version":[{"id":9685,"href":"https:\/\/www.rijeka.hr\/it\/wp-json\/wp\/v2\/posts\/4652\/revisions\/9685"}],"wp:featuredmedia":[{"embeddable":true,"href":"https:\/\/www.rijeka.hr\/it\/wp-json\/wp\/v2\/media\/4656"}],"wp:attachment":[{"href":"https:\/\/www.rijeka.hr\/it\/wp-json\/wp\/v2\/media?parent=4652"}],"wp:term":[{"taxonomy":"category","embeddable":true,"href":"https:\/\/www.rijeka.hr\/it\/wp-json\/wp\/v2\/categories?post=4652"},{"taxonomy":"post_tag","embeddable":true,"href":"https:\/\/www.rijeka.hr\/it\/wp-json\/wp\/v2\/tags?post=4652"}],"curies":[{"name":"wp","href":"https:\/\/api.w.org\/{rel}","templated":true}]}}