{"id":5843,"date":"2018-01-25T11:07:55","date_gmt":"2018-01-25T10:07:55","guid":{"rendered":"https:\/\/www.rijeka.hr\/it\/?p=5843"},"modified":"2019-10-11T09:51:51","modified_gmt":"2019-10-11T07:51:51","slug":"lattuazione-delleducazione-civica-ha-cambiato-positivamente-gli-atteggiamenti-degli-alunni","status":"publish","type":"post","link":"https:\/\/www.rijeka.hr\/it\/lattuazione-delleducazione-civica-ha-cambiato-positivamente-gli-atteggiamenti-degli-alunni\/","title":{"rendered":"L\u2019attuazione dell\u2019educazione civica ha cambiato positivamente gli atteggiamenti degli alunni"},"content":{"rendered":"<p>Nell\u2019anno scolastico 2016\/2017, la Citt\u00e0 di Fiume ha introdotto sperimentalmente l\u2019Educazione civica come un\u2019attivit\u00e0 extracurriculare nelle quinte classi in sei scuole elementari cittadine. L\u2019attuazione di quest\u2019attivit\u00e0 extracurriculare continua anche quest\u2019anno scolastico in 22 scuole elementari di Fiume e comprende quasi 400 alunni.<\/p>\n<p>Per determinare il successo del redatto e introdotto programma, in conformit\u00e0 ai risultati, e per introdurre tempestivamente eventuali modifiche, l\u2019anno sperimentale di attuazione \u00e8 stato valutato da parte degli studenti del Dipartimento di Pedagogia della Facolt\u00e0 di Lettere e Filosofia di Fiume, guidati dai loro mentori Bojana \u0106ulum e Nena Ron\u010devi\u0107.<\/p>\n<div id=\"attachment_5846\" class=\"wp-caption alignleft\"><img decoding=\"async\" class=\"size-medium wp-image-69531\" src=\"https:\/\/www.rijeka.hr\/wp-content\/uploads\/2018\/01\/15.-kolegij-gradona\u010delnika-1-600x400.jpg\" alt=\"Rezultate evaluacije nastave Gra\u0111anskog odgoja i obrazovanja prezentirala dr. \u0106ulum\" \/><p class=\"wp-caption-text\">Bojana \u0106ulum ha presentato i risultati dell\u2019indagine sull\u2019insegnamento dell\u2019Educazione civica<\/p><\/div>\n<p>I risultati dell\u2019indagine hanno dimostrato che la maggior parte degli alunni, ovvero il 96% piace i metodi e le forme d\u2019insegnamento della materia, il 89,3% degli alunni dice che l\u2019atmosfera \u00e8 pi\u00f9 piacevole che durante le altre lezioni, e la maggioranza vuole non solo continuare a frequentare quest\u2019attivit\u00e0, me ha espresso il desiderio di avere aggiuntive ore di lezione e pi\u00f9 lezioni fuori sede. Gli alunni hanno rilevato che le cose pi\u00f9 preziose che hanno imparato sono la cognizione dell\u2019importanza di aiutare e di rispettare gli altri, dei diritti umani, di una corretta alimentazione e dei pericoli che comportano le reti sociali.<\/p>\n<p>Anche gli insegnanti si sono detti soddisfatti del metodo di attuazione. Negli alunni hanno notato atteggiamenti cambiati e un interesse maggiore per temi attuali sociali e politici, e in tal senso hanno adattato l\u2019insegnamento.<\/p>\n<p>Il sindaco di Fiume Vojko Obersnel ha accentuato che quest\u2019indagine ha rivelato che l\u2019introduzione dell\u2019Educazione civica \u00e8 stata un buona decisione, e questo fatto conferma pure un notevole interesse dimostrato da altri centri. Con la Citt\u00e0 di Sisak la nostra citt\u00e0 ha gi\u00e0 firmato un accordo in base al quale assegner\u00e0 gratuitamente i testi contenuti nel manuale dedicato agli alunni delle quinte e seste classi delle scuole elementari e materiali dedicati agli alunni, e che presto dovrebbe essere firmato un\u2019accordo con la Regione litoraneo \u2013 montana. L\u2019interesse \u00e8 stato mostrato pure dalla Regione Istriana e dalla Citt\u00e0 di \u010cakovec e alcuni altri centri.<\/p>\n<h3>In quattro anni quasi raddoppiati pernottamenti turistici<\/h3>\n<div id=\"attachment_5848\" class=\"wp-caption alignleft\"><img loading=\"lazy\" decoding=\"async\" class=\"size-medium wp-image-69532\" src=\"https:\/\/www.rijeka.hr\/wp-content\/uploads\/2018\/01\/15.-kolegij-gradona\u010delnika-2-600x400.jpg\" alt=\"Izvrsni rije\u010dki turisti\u010dki rezultati\" width=\"600\" height=\"400\" \/><p class=\"wp-caption-text\">Eccellenti i risultati del settore turistico a Fiume<\/p><\/div>\n<p>Presentando i risultati turistici di Fiume nel periodo dal 2014 al 2017, Vlasta Lini\u0107 f.f. del Capo del Dipartimento Imprenditoria, ha detto che il settore turistico registra una constante crescita. Il numero dei pernottamenti nel 2017 ha raggiunto 334.463, l\u2019aumento del 92,71% rispetto al 2014.<\/p>\n<p>Secondo i dati dell\u2019Agenzia finanziaria il totale ricavo annuale proveniente dallo sfruttamento turistico nel 2016 ha raggiunto 735 milioni di kune, quasi il 20% di pi\u00f9 rispetto il 2014, e pure il numero degli impiegati nel settore turistico ha visto un aumento.<\/p>\n<p>Esprimendo il proprio compiacimento per i risultati turistici, il sindaco Obersnel ha rilevato che il quadro turistico cittadino verr\u00e0 completato da numerosi investimenti \u2013 \u00e8 ormai stata avviata la costruzione del villaggio turistico a Costabella, e l\u2019azienda alberghiera Jadran ha annunciato il risanamento degli alberghi Neboder e Park, nel corso di alcuni anni dovrebbe essere realizzata l\u2019idea che riguarda la costruzione di un albergo all\u2019interno del complesso Ben\u010di\u0107.<\/p>\n<h3>Trasparenza nella gestione dei vani d\u2019affari di propriet\u00e0 della Citt\u00e0 di Fiume<\/h3>\n<p>Complessivamente 1710 vani d\u2019affari e 42 spazi destinati a scopo pubblico sono gestiti dalla Citt\u00e0 di Fiume. Nel corso del 2017, sono stati pubblicati 10 bandi di gara per l\u2019affitto dei vani d\u2019affari, in base a cui sono stati messi in lizza e dati in affitto 96 vani d\u2019affari. Mirando a gestire la propriet\u00e0 della Citt\u00e0 di Fiume quanto pi\u00f9 trasparente possibile, come pure ad avvicinare ai cittadini e agli operatori economici interessati all\u2019affitto dei vani d\u2019affari, i dati relativi ai disponibili vani d\u2019affari come pure i dati relativi a quegli affittati, sono pubblicati sul sito web della Citt\u00e0 di Fiume.<\/p>\n<h3>La Citt\u00e0 di Fiume \u00e8 tra le pi\u00f9 efficaci citt\u00e0 per quanto riguarda la raccolta e il trattamento dei dati relativi alle compravendite immobiliari<\/h3>\n<p>Oltre alla Citt\u00e0 di \u010cakovec, la Citt\u00e0 di Fiume \u00e8 stata valutata come la migliore citt\u00e0 per quanto riguarda l\u2019applicazione della Legge sulla valutazione immobiliare, secondo la quale le unit\u00e0 di autogoverno locale hanno l\u2019obbligo di mantenere le banche dati sugli contratti di compravendita che riguardano transazioni immobiliari sull\u2019intero territorio di Fiume, come pure la valutazione delle relazioni di stima per la compravendita dei beni immobili di propriet\u00e0 della Citt\u00e0 di Fiume.<\/p>\n<p>\u00c8 stato adottato il piano annuale di pubblicazione dei bandi di gara per il finanziamento di programmi e progetti attuati da associazioni, come pure il programma di misure di disinfezione, disinfestazione e derattizzazione sul territorio della citt\u00e0.<\/p>\n","protected":false},"excerpt":{"rendered":"<p>La valutazione dell\u2019implementazione dell\u2019Educazione civica nelle scuole elementari di Fiume ha dimostrato che alunni hanno reagito positivamente all\u2019insegnamento dell\u2019educazione civica, e per di pi\u00f9, hanno cambiato i propri atteggiamenti per quanto riguarda i diritti e i doveri, la collaborazione, il rispetto per gli altri e la tolleranza verso quelli che sono diversi, e questo \u00e8 molto importante, \u00e8 stato detto nel corso del collegio del sindaco.<\/p>\n","protected":false},"author":8,"featured_media":5847,"comment_status":"open","ping_status":"open","sticky":false,"template":"","format":"standard","meta":{"_acf_changed":false,"_trash_the_other_posts":false,"footnotes":"","_links_to":"","_links_to_target":""},"categories":[416],"tags":[499,496,498,497],"class_list":["post-5843","post","type-post","status-publish","format-standard","has-post-thumbnail","hentry","category-collegio-del-sindaco","tag-compravendite-immobiliari","tag-educazione-civica","tag-pernottamenti","tag-risultati-turistici"],"acf":[],"yoast_head":"<!-- This site is optimized with the Yoast SEO plugin v24.4 - https:\/\/yoast.com\/wordpress\/plugins\/seo\/ -->\n<title>L\u2019attuazione dell\u2019educazione civica ha cambiato positivamente gli atteggiamenti degli alunni - Citt\u00e0 di Fiume<\/title>\n<meta name=\"robots\" content=\"index, follow, max-snippet:-1, max-image-preview:large, max-video-preview:-1\" \/>\n<link rel=\"canonical\" href=\"https:\/\/www.rijeka.hr\/it\/lattuazione-delleducazione-civica-ha-cambiato-positivamente-gli-atteggiamenti-degli-alunni\/\" \/>\n<meta property=\"og:locale\" content=\"it_IT\" \/>\n<meta property=\"og:type\" content=\"article\" \/>\n<meta property=\"og:title\" content=\"L\u2019attuazione dell\u2019educazione civica ha cambiato positivamente gli atteggiamenti degli alunni - Citt\u00e0 di Fiume\" \/>\n<meta property=\"og:description\" content=\"La valutazione dell\u2019implementazione dell\u2019Educazione civica nelle scuole elementari di Fiume ha dimostrato che alunni hanno reagito positivamente all\u2019insegnamento dell\u2019educazione civica, e per di pi\u00f9, hanno cambiato i propri atteggiamenti per quanto riguarda i diritti e i doveri, la collaborazione, il rispetto per gli altri e la tolleranza verso quelli che sono diversi, e questo \u00e8 molto importante, \u00e8 stato detto nel corso del collegio del sindaco.\" \/>\n<meta property=\"og:url\" content=\"https:\/\/www.rijeka.hr\/it\/lattuazione-delleducazione-civica-ha-cambiato-positivamente-gli-atteggiamenti-degli-alunni\/\" \/>\n<meta property=\"og:site_name\" content=\"Citt\u00e0 di Fiume\" \/>\n<meta property=\"article:published_time\" content=\"2018-01-25T10:07:55+00:00\" \/>\n<meta property=\"article:modified_time\" content=\"2019-10-11T07:51:51+00:00\" \/>\n<meta property=\"og:image\" content=\"https:\/\/www.rijeka.hr\/it\/wp-content\/uploads\/sites\/3\/2018\/01\/15.-kolegij-gradona\u010delnika-3-900x600.jpg\" \/>\n\t<meta property=\"og:image:width\" content=\"900\" \/>\n\t<meta property=\"og:image:height\" content=\"600\" \/>\n\t<meta property=\"og:image:type\" content=\"image\/jpeg\" \/>\n<meta name=\"author\" content=\"sradovic\" \/>\n<meta name=\"twitter:card\" content=\"summary_large_image\" \/>\n<meta name=\"twitter:label1\" content=\"Written by\" \/>\n\t<meta name=\"twitter:data1\" content=\"sradovic\" \/>\n\t<meta name=\"twitter:label2\" content=\"Est. reading time\" \/>\n\t<meta name=\"twitter:data2\" content=\"4 minutes\" \/>\n<script type=\"application\/ld+json\" class=\"yoast-schema-graph\">{\"@context\":\"https:\/\/schema.org\",\"@graph\":[{\"@type\":\"WebPage\",\"@id\":\"https:\/\/www.rijeka.hr\/it\/lattuazione-delleducazione-civica-ha-cambiato-positivamente-gli-atteggiamenti-degli-alunni\/\",\"url\":\"https:\/\/www.rijeka.hr\/it\/lattuazione-delleducazione-civica-ha-cambiato-positivamente-gli-atteggiamenti-degli-alunni\/\",\"name\":\"L\u2019attuazione dell\u2019educazione civica ha cambiato positivamente gli atteggiamenti degli alunni - Citt\u00e0 di Fiume\",\"isPartOf\":{\"@id\":\"https:\/\/www.rijeka.hr\/it\/#website\"},\"primaryImageOfPage\":{\"@id\":\"https:\/\/www.rijeka.hr\/it\/lattuazione-delleducazione-civica-ha-cambiato-positivamente-gli-atteggiamenti-degli-alunni\/#primaryimage\"},\"image\":{\"@id\":\"https:\/\/www.rijeka.hr\/it\/lattuazione-delleducazione-civica-ha-cambiato-positivamente-gli-atteggiamenti-degli-alunni\/#primaryimage\"},\"thumbnailUrl\":\"https:\/\/www.rijeka.hr\/it\/wp-content\/uploads\/sites\/3\/2018\/01\/15.-kolegij-gradona\u010delnika-3-900x600.jpg\",\"datePublished\":\"2018-01-25T10:07:55+00:00\",\"dateModified\":\"2019-10-11T07:51:51+00:00\",\"author\":{\"@id\":\"https:\/\/www.rijeka.hr\/it\/#\/schema\/person\/f944eacc70b6a69bc142d9389862b37b\"},\"breadcrumb\":{\"@id\":\"https:\/\/www.rijeka.hr\/it\/lattuazione-delleducazione-civica-ha-cambiato-positivamente-gli-atteggiamenti-degli-alunni\/#breadcrumb\"},\"inLanguage\":\"it-IT\",\"potentialAction\":[{\"@type\":\"ReadAction\",\"target\":[\"https:\/\/www.rijeka.hr\/it\/lattuazione-delleducazione-civica-ha-cambiato-positivamente-gli-atteggiamenti-degli-alunni\/\"]}]},{\"@type\":\"ImageObject\",\"inLanguage\":\"it-IT\",\"@id\":\"https:\/\/www.rijeka.hr\/it\/lattuazione-delleducazione-civica-ha-cambiato-positivamente-gli-atteggiamenti-degli-alunni\/#primaryimage\",\"url\":\"https:\/\/www.rijeka.hr\/it\/wp-content\/uploads\/sites\/3\/2018\/01\/15.-kolegij-gradona\u010delnika-3-900x600.jpg\",\"contentUrl\":\"https:\/\/www.rijeka.hr\/it\/wp-content\/uploads\/sites\/3\/2018\/01\/15.-kolegij-gradona\u010delnika-3-900x600.jpg\",\"width\":900,\"height\":600},{\"@type\":\"BreadcrumbList\",\"@id\":\"https:\/\/www.rijeka.hr\/it\/lattuazione-delleducazione-civica-ha-cambiato-positivamente-gli-atteggiamenti-degli-alunni\/#breadcrumb\",\"itemListElement\":[{\"@type\":\"ListItem\",\"position\":1,\"name\":\"Po\u010detna stranica\",\"item\":\"https:\/\/www.rijeka.hr\/it\/\"},{\"@type\":\"ListItem\",\"position\":2,\"name\":\"L\u2019attuazione dell\u2019educazione civica ha cambiato positivamente gli atteggiamenti degli alunni\"}]},{\"@type\":\"WebSite\",\"@id\":\"https:\/\/www.rijeka.hr\/it\/#website\",\"url\":\"https:\/\/www.rijeka.hr\/it\/\",\"name\":\"Citt\u00e0 di Fiume\",\"description\":\"Portale web della Citta&#039; di Fiume\",\"potentialAction\":[{\"@type\":\"SearchAction\",\"target\":{\"@type\":\"EntryPoint\",\"urlTemplate\":\"https:\/\/www.rijeka.hr\/it\/?s={search_term_string}\"},\"query-input\":{\"@type\":\"PropertyValueSpecification\",\"valueRequired\":true,\"valueName\":\"search_term_string\"}}],\"inLanguage\":\"it-IT\"},{\"@type\":\"Person\",\"@id\":\"https:\/\/www.rijeka.hr\/it\/#\/schema\/person\/f944eacc70b6a69bc142d9389862b37b\",\"name\":\"sradovic\",\"image\":{\"@type\":\"ImageObject\",\"inLanguage\":\"it-IT\",\"@id\":\"https:\/\/www.rijeka.hr\/it\/#\/schema\/person\/image\/\",\"url\":\"https:\/\/secure.gravatar.com\/avatar\/d438b95983d528813c6fe2e5812a4188?s=96&d=mm&r=g\",\"contentUrl\":\"https:\/\/secure.gravatar.com\/avatar\/d438b95983d528813c6fe2e5812a4188?s=96&d=mm&r=g\",\"caption\":\"sradovic\"},\"url\":\"https:\/\/www.rijeka.hr\/it\/author\/sradovic\/\"}]}<\/script>\n<!-- \/ Yoast SEO plugin. -->","yoast_head_json":{"title":"L\u2019attuazione dell\u2019educazione civica ha cambiato positivamente gli atteggiamenti degli alunni - Citt\u00e0 di Fiume","robots":{"index":"index","follow":"follow","max-snippet":"max-snippet:-1","max-image-preview":"max-image-preview:large","max-video-preview":"max-video-preview:-1"},"canonical":"https:\/\/www.rijeka.hr\/it\/lattuazione-delleducazione-civica-ha-cambiato-positivamente-gli-atteggiamenti-degli-alunni\/","og_locale":"it_IT","og_type":"article","og_title":"L\u2019attuazione dell\u2019educazione civica ha cambiato positivamente gli atteggiamenti degli alunni - Citt\u00e0 di Fiume","og_description":"La valutazione dell\u2019implementazione dell\u2019Educazione civica nelle scuole elementari di Fiume ha dimostrato che alunni hanno reagito positivamente all\u2019insegnamento dell\u2019educazione civica, e per di pi\u00f9, hanno cambiato i propri atteggiamenti per quanto riguarda i diritti e i doveri, la collaborazione, il rispetto per gli altri e la tolleranza verso quelli che sono diversi, e questo \u00e8 molto importante, \u00e8 stato detto nel corso del collegio del sindaco.","og_url":"https:\/\/www.rijeka.hr\/it\/lattuazione-delleducazione-civica-ha-cambiato-positivamente-gli-atteggiamenti-degli-alunni\/","og_site_name":"Citt\u00e0 di Fiume","article_published_time":"2018-01-25T10:07:55+00:00","article_modified_time":"2019-10-11T07:51:51+00:00","og_image":[{"width":900,"height":600,"url":"https:\/\/www.rijeka.hr\/it\/wp-content\/uploads\/sites\/3\/2018\/01\/15.-kolegij-gradona\u010delnika-3-900x600.jpg","type":"image\/jpeg"}],"author":"sradovic","twitter_card":"summary_large_image","twitter_misc":{"Written by":"sradovic","Est. reading time":"4 minutes"},"schema":{"@context":"https:\/\/schema.org","@graph":[{"@type":"WebPage","@id":"https:\/\/www.rijeka.hr\/it\/lattuazione-delleducazione-civica-ha-cambiato-positivamente-gli-atteggiamenti-degli-alunni\/","url":"https:\/\/www.rijeka.hr\/it\/lattuazione-delleducazione-civica-ha-cambiato-positivamente-gli-atteggiamenti-degli-alunni\/","name":"L\u2019attuazione dell\u2019educazione civica ha cambiato positivamente gli atteggiamenti degli alunni - Citt\u00e0 di Fiume","isPartOf":{"@id":"https:\/\/www.rijeka.hr\/it\/#website"},"primaryImageOfPage":{"@id":"https:\/\/www.rijeka.hr\/it\/lattuazione-delleducazione-civica-ha-cambiato-positivamente-gli-atteggiamenti-degli-alunni\/#primaryimage"},"image":{"@id":"https:\/\/www.rijeka.hr\/it\/lattuazione-delleducazione-civica-ha-cambiato-positivamente-gli-atteggiamenti-degli-alunni\/#primaryimage"},"thumbnailUrl":"https:\/\/www.rijeka.hr\/it\/wp-content\/uploads\/sites\/3\/2018\/01\/15.-kolegij-gradona\u010delnika-3-900x600.jpg","datePublished":"2018-01-25T10:07:55+00:00","dateModified":"2019-10-11T07:51:51+00:00","author":{"@id":"https:\/\/www.rijeka.hr\/it\/#\/schema\/person\/f944eacc70b6a69bc142d9389862b37b"},"breadcrumb":{"@id":"https:\/\/www.rijeka.hr\/it\/lattuazione-delleducazione-civica-ha-cambiato-positivamente-gli-atteggiamenti-degli-alunni\/#breadcrumb"},"inLanguage":"it-IT","potentialAction":[{"@type":"ReadAction","target":["https:\/\/www.rijeka.hr\/it\/lattuazione-delleducazione-civica-ha-cambiato-positivamente-gli-atteggiamenti-degli-alunni\/"]}]},{"@type":"ImageObject","inLanguage":"it-IT","@id":"https:\/\/www.rijeka.hr\/it\/lattuazione-delleducazione-civica-ha-cambiato-positivamente-gli-atteggiamenti-degli-alunni\/#primaryimage","url":"https:\/\/www.rijeka.hr\/it\/wp-content\/uploads\/sites\/3\/2018\/01\/15.-kolegij-gradona\u010delnika-3-900x600.jpg","contentUrl":"https:\/\/www.rijeka.hr\/it\/wp-content\/uploads\/sites\/3\/2018\/01\/15.-kolegij-gradona\u010delnika-3-900x600.jpg","width":900,"height":600},{"@type":"BreadcrumbList","@id":"https:\/\/www.rijeka.hr\/it\/lattuazione-delleducazione-civica-ha-cambiato-positivamente-gli-atteggiamenti-degli-alunni\/#breadcrumb","itemListElement":[{"@type":"ListItem","position":1,"name":"Po\u010detna stranica","item":"https:\/\/www.rijeka.hr\/it\/"},{"@type":"ListItem","position":2,"name":"L\u2019attuazione dell\u2019educazione civica ha cambiato positivamente gli atteggiamenti degli alunni"}]},{"@type":"WebSite","@id":"https:\/\/www.rijeka.hr\/it\/#website","url":"https:\/\/www.rijeka.hr\/it\/","name":"Citt\u00e0 di Fiume","description":"Portale web della Citta&#039; di Fiume","potentialAction":[{"@type":"SearchAction","target":{"@type":"EntryPoint","urlTemplate":"https:\/\/www.rijeka.hr\/it\/?s={search_term_string}"},"query-input":{"@type":"PropertyValueSpecification","valueRequired":true,"valueName":"search_term_string"}}],"inLanguage":"it-IT"},{"@type":"Person","@id":"https:\/\/www.rijeka.hr\/it\/#\/schema\/person\/f944eacc70b6a69bc142d9389862b37b","name":"sradovic","image":{"@type":"ImageObject","inLanguage":"it-IT","@id":"https:\/\/www.rijeka.hr\/it\/#\/schema\/person\/image\/","url":"https:\/\/secure.gravatar.com\/avatar\/d438b95983d528813c6fe2e5812a4188?s=96&d=mm&r=g","contentUrl":"https:\/\/secure.gravatar.com\/avatar\/d438b95983d528813c6fe2e5812a4188?s=96&d=mm&r=g","caption":"sradovic"},"url":"https:\/\/www.rijeka.hr\/it\/author\/sradovic\/"}]}},"_links":{"self":[{"href":"https:\/\/www.rijeka.hr\/it\/wp-json\/wp\/v2\/posts\/5843","targetHints":{"allow":["GET"]}}],"collection":[{"href":"https:\/\/www.rijeka.hr\/it\/wp-json\/wp\/v2\/posts"}],"about":[{"href":"https:\/\/www.rijeka.hr\/it\/wp-json\/wp\/v2\/types\/post"}],"author":[{"embeddable":true,"href":"https:\/\/www.rijeka.hr\/it\/wp-json\/wp\/v2\/users\/8"}],"replies":[{"embeddable":true,"href":"https:\/\/www.rijeka.hr\/it\/wp-json\/wp\/v2\/comments?post=5843"}],"version-history":[{"count":9,"href":"https:\/\/www.rijeka.hr\/it\/wp-json\/wp\/v2\/posts\/5843\/revisions"}],"predecessor-version":[{"id":9678,"href":"https:\/\/www.rijeka.hr\/it\/wp-json\/wp\/v2\/posts\/5843\/revisions\/9678"}],"wp:featuredmedia":[{"embeddable":true,"href":"https:\/\/www.rijeka.hr\/it\/wp-json\/wp\/v2\/media\/5847"}],"wp:attachment":[{"href":"https:\/\/www.rijeka.hr\/it\/wp-json\/wp\/v2\/media?parent=5843"}],"wp:term":[{"taxonomy":"category","embeddable":true,"href":"https:\/\/www.rijeka.hr\/it\/wp-json\/wp\/v2\/categories?post=5843"},{"taxonomy":"post_tag","embeddable":true,"href":"https:\/\/www.rijeka.hr\/it\/wp-json\/wp\/v2\/tags?post=5843"}],"curies":[{"name":"wp","href":"https:\/\/api.w.org\/{rel}","templated":true}]}}