{"id":7258,"date":"2018-09-25T09:28:52","date_gmt":"2018-09-25T07:28:52","guid":{"rendered":"https:\/\/www.rijeka.hr\/it\/?p=7258"},"modified":"2019-10-11T09:37:50","modified_gmt":"2019-10-11T07:37:50","slug":"dalla-prossima-domenica-il-mercato-baida-ospitera-un-mercato-delle-pulci","status":"publish","type":"post","link":"https:\/\/www.rijeka.hr\/it\/dalla-prossima-domenica-il-mercato-baida-ospitera-un-mercato-delle-pulci\/","title":{"rendered":"Dalla prossima domenica il mercato in Baida ospiter\u00e0 un mercato delle pulci"},"content":{"rendered":"<p>La municipalizzata Rijeka plus ha assunto l\u2019organizzazione dell\u2019esibizione e della vendita di merci di seconda mano nel mercato di Braida. La vendita di merci di seconda mano sar\u00e0 organizzata ogni domenica dalle 7 alle 14 sati, su una superfice a nord ed est del padiglione, dove saranno sistemate 33 bancarelle in legno che possono essere prese in affitto giornaliero ad un prezzo simbolico di 10 kune.<\/p>\n<div id=\"attachment_7262\" class=\"wp-caption alignleft\"><img decoding=\"async\" class=\"size-medium wp-image-88805\" src=\"https:\/\/www.rijeka.hr\/wp-content\/uploads\/2018\/09\/29.-gradona\u010delnikov-kolegij-3-600x357.jpg\" alt=\"\u0160tandovi za prodaju rabljene robe nalazit \u0107e se sjeverno i isto\u010dno od paviljona\" \/><p class=\"wp-caption-text\">Le bancarelle di merci di seconda mano si troveranno a nord ed est del padiglione<\/p><\/div>\n<p>Secondo quanto spiegato da Irena Mili\u010devi\u0107, a capo del Dipartimento per gli affari comunali, con la scelta di questo posto, da un lato, viene risolto il problema della vendita di merci di seconda mano, mentre dall\u2019altro si cerca di rivivere il mercato in Braida. \u201cNel mese di luglio di quest\u2019anno la Citt\u00e0 di Fiume ha smesso di gestire lo spazio a Preluca, e cos\u00ec non esistono pi\u00f9 le condizioni per organizzare e mantenere la fiera di auto e di merci usate, che fino a quel momento potevano essere vendute all\u2019interno della parte recintata, in base al pagamento di una tariffa giornaliera di 10 oppure 15 kune. La vendita di merci di seconda mano attualmente si svolge in modo illegale sui marciapiedi nel rione di Preluca e nel mercato in Braida, e questo cerchiamo di impedire in collaborazione con la polizia municipale, la polizia e l\u2019ispezione doganale,\u201c ha detto il capodipartimento Mili\u010devi\u0107.<\/p>\n<p>La nuova organizzazione della vendita di merci di seconda mano \u00e8 stata appoggiata anche dal Comitato di quartiere Braida-Dolac. A detta del capodipartimento Mili\u010devi\u0107, la prassi dimostrer\u00e0 se la modifica dell\u2019orario di apertura o l\u2019estensione dei giorni feriali saranno necessari.<\/p>\n<p>Al fine di ottenere una vendita di merci qualitativa si prevedono frequenti controlli da parte dei dipendenti della polizia municipale e dell\u2019azienda Rijeka plus.<\/p>\n<h2>L insegnamento dell\u2019educazione civica quest\u2019anno nelle settime classi<\/h2>\n<div id=\"attachment_7263\" class=\"wp-caption alignright\"><img loading=\"lazy\" decoding=\"async\" class=\"size-medium wp-image-88806\" src=\"https:\/\/www.rijeka.hr\/wp-content\/uploads\/2018\/09\/29.-gradona\u010delnikov-kolegij-2-600x400.jpg\" alt=\"Zahtjevi za dodjelu subvencija za poduzetnike podnose se isklju\u010divo on-line\" width=\"600\" height=\"400\" \/><p class=\"wp-caption-text\">Le domande per l\u2019assegnazione delle sovvenzioni devono essere presentate esclusivamente on-line<\/p><\/div>\n<p>Per l\u2019attuazione dell\u2019attivit\u00e0 extracurriculare dell\u2019Educazione civica nelle scuole elementari di Fiume nel primo semestre del 2018 la Citt\u00e0 di Fiume assicurer\u00e0 354 mila kune. 644 alunni che frequentano 24 scuole elementari a Fiume hanno dimostrato interesse per l\u2019inclusione.<\/p>\n<p>Dopo avere appurato scientificamente i risultati positivi dell&#8217;introduzione dell&#8217;educazione civica nelle quinte e seste classi, la Citt\u00e0 di Fiume ha proseguito con la realizzazione del manuale e del materiale didattico per le settime e ottave classi al fine di assicurare la continuit\u00e0 nella formazione elementare. \u201cIl Programma incoraggia la nonviolenza, la tolleranza, la solidariet\u00e0 e la giustizia, i valori che riteniamo che dovrebbero essere rappresentanti nel processo educativo in un paese democratico,\u201c ha detto il sindaco Obersnel.<\/p>\n<h2>L\u2019importo di 2,07 milioni di kune \u00e8 stato assicurato per finanziamenti a fondo perduto per imprenditori<\/h2>\n<p>Mercoled\u00ec, 26 settembre sar\u00e0 indetto un bando di gara per la presentazione delle domande per l\u2019assegnazione delle sovvenzioni agli imprenditori basate su nove misure, come il sovvenzionamento della certificazione di prodotti e processi o il sovvenzionamento dell\u2019acquisizione e dell\u2019installazione di macchinari e attrezzature. La Citt\u00e0 di Fiume ha assicurato l\u2019importo di 2,075 milioni di kune per il sovvenzionato basato su queste nove misure.<\/p>\n<p>A detta di Jana Serti\u0107, a capo del Dipartimento imprenditoria, le notifiche verranno ricevute esclusivamente on-line, soggetto a previa registrazione nel servizio informatico della Citt\u00e0 di Fiume. Anche se l\u2019invito sar\u00e0 indetto domani, le notifiche verranno ricevute a partire dal 1mo ottobre, per consentire agli imprenditori abbastanza tempo per preparare la documentazione.<\/p>\n","protected":false},"excerpt":{"rendered":"<p>Nell\u2019organizzazione della municipalizzata Rijeka plus, da domenica, 30 settembre presso il mercato in Braida si svolger\u00e0 l\u2019esibizione e la vendita di merci di seconda mano, popolarmente chiamato il mercato delle pulci, \u00e8 stato deciso nel corso del collegio del sindaco.<\/p>\n","protected":false},"author":8,"featured_media":7260,"comment_status":"open","ping_status":"open","sticky":false,"template":"","format":"standard","meta":{"_acf_changed":false,"_trash_the_other_posts":false,"footnotes":"","_links_to":"","_links_to_target":""},"categories":[416],"tags":[496,549,548],"class_list":["post-7258","post","type-post","status-publish","format-standard","has-post-thumbnail","hentry","category-collegio-del-sindaco","tag-educazione-civica","tag-finanziamenti-a-fondo-perduto","tag-mercato-delle-pulci-in-braida"],"acf":[],"yoast_head":"<!-- This site is optimized with the Yoast SEO plugin v24.4 - https:\/\/yoast.com\/wordpress\/plugins\/seo\/ -->\n<title>Dalla prossima domenica il mercato in Baida ospiter\u00e0 un mercato delle pulci - Citt\u00e0 di Fiume<\/title>\n<meta name=\"robots\" content=\"index, follow, max-snippet:-1, max-image-preview:large, max-video-preview:-1\" \/>\n<link rel=\"canonical\" href=\"https:\/\/www.rijeka.hr\/it\/dalla-prossima-domenica-il-mercato-baida-ospitera-un-mercato-delle-pulci\/\" \/>\n<meta property=\"og:locale\" content=\"it_IT\" \/>\n<meta property=\"og:type\" content=\"article\" \/>\n<meta property=\"og:title\" content=\"Dalla prossima domenica il mercato in Baida ospiter\u00e0 un mercato delle pulci - Citt\u00e0 di Fiume\" \/>\n<meta property=\"og:description\" content=\"Nell\u2019organizzazione della municipalizzata Rijeka plus, da domenica, 30 settembre presso il mercato in Braida si svolger\u00e0 l\u2019esibizione e la vendita di merci di seconda mano, popolarmente chiamato il mercato delle pulci, \u00e8 stato deciso nel corso del collegio del sindaco.\" \/>\n<meta property=\"og:url\" content=\"https:\/\/www.rijeka.hr\/it\/dalla-prossima-domenica-il-mercato-baida-ospitera-un-mercato-delle-pulci\/\" \/>\n<meta property=\"og:site_name\" content=\"Citt\u00e0 di Fiume\" \/>\n<meta property=\"article:published_time\" content=\"2018-09-25T07:28:52+00:00\" \/>\n<meta property=\"article:modified_time\" content=\"2019-10-11T07:37:50+00:00\" \/>\n<meta property=\"og:image\" content=\"https:\/\/www.rijeka.hr\/it\/wp-content\/uploads\/sites\/3\/2018\/09\/29.-gradona\u010delnikov-kolegij-1-900x600.jpg\" \/>\n\t<meta property=\"og:image:width\" content=\"900\" \/>\n\t<meta property=\"og:image:height\" content=\"600\" \/>\n\t<meta property=\"og:image:type\" content=\"image\/jpeg\" \/>\n<meta name=\"author\" content=\"sradovic\" \/>\n<meta name=\"twitter:card\" content=\"summary_large_image\" \/>\n<meta name=\"twitter:label1\" content=\"Written by\" \/>\n\t<meta name=\"twitter:data1\" content=\"sradovic\" \/>\n\t<meta name=\"twitter:label2\" content=\"Est. reading time\" \/>\n\t<meta name=\"twitter:data2\" content=\"3 minutes\" \/>\n<script type=\"application\/ld+json\" class=\"yoast-schema-graph\">{\"@context\":\"https:\/\/schema.org\",\"@graph\":[{\"@type\":\"WebPage\",\"@id\":\"https:\/\/www.rijeka.hr\/it\/dalla-prossima-domenica-il-mercato-baida-ospitera-un-mercato-delle-pulci\/\",\"url\":\"https:\/\/www.rijeka.hr\/it\/dalla-prossima-domenica-il-mercato-baida-ospitera-un-mercato-delle-pulci\/\",\"name\":\"Dalla prossima domenica il mercato in Baida ospiter\u00e0 un mercato delle pulci - Citt\u00e0 di Fiume\",\"isPartOf\":{\"@id\":\"https:\/\/www.rijeka.hr\/it\/#website\"},\"primaryImageOfPage\":{\"@id\":\"https:\/\/www.rijeka.hr\/it\/dalla-prossima-domenica-il-mercato-baida-ospitera-un-mercato-delle-pulci\/#primaryimage\"},\"image\":{\"@id\":\"https:\/\/www.rijeka.hr\/it\/dalla-prossima-domenica-il-mercato-baida-ospitera-un-mercato-delle-pulci\/#primaryimage\"},\"thumbnailUrl\":\"https:\/\/www.rijeka.hr\/it\/wp-content\/uploads\/sites\/3\/2018\/09\/29.-gradona\u010delnikov-kolegij-1-900x600.jpg\",\"datePublished\":\"2018-09-25T07:28:52+00:00\",\"dateModified\":\"2019-10-11T07:37:50+00:00\",\"author\":{\"@id\":\"https:\/\/www.rijeka.hr\/it\/#\/schema\/person\/f944eacc70b6a69bc142d9389862b37b\"},\"breadcrumb\":{\"@id\":\"https:\/\/www.rijeka.hr\/it\/dalla-prossima-domenica-il-mercato-baida-ospitera-un-mercato-delle-pulci\/#breadcrumb\"},\"inLanguage\":\"it-IT\",\"potentialAction\":[{\"@type\":\"ReadAction\",\"target\":[\"https:\/\/www.rijeka.hr\/it\/dalla-prossima-domenica-il-mercato-baida-ospitera-un-mercato-delle-pulci\/\"]}]},{\"@type\":\"ImageObject\",\"inLanguage\":\"it-IT\",\"@id\":\"https:\/\/www.rijeka.hr\/it\/dalla-prossima-domenica-il-mercato-baida-ospitera-un-mercato-delle-pulci\/#primaryimage\",\"url\":\"https:\/\/www.rijeka.hr\/it\/wp-content\/uploads\/sites\/3\/2018\/09\/29.-gradona\u010delnikov-kolegij-1-900x600.jpg\",\"contentUrl\":\"https:\/\/www.rijeka.hr\/it\/wp-content\/uploads\/sites\/3\/2018\/09\/29.-gradona\u010delnikov-kolegij-1-900x600.jpg\",\"width\":900,\"height\":600},{\"@type\":\"BreadcrumbList\",\"@id\":\"https:\/\/www.rijeka.hr\/it\/dalla-prossima-domenica-il-mercato-baida-ospitera-un-mercato-delle-pulci\/#breadcrumb\",\"itemListElement\":[{\"@type\":\"ListItem\",\"position\":1,\"name\":\"Po\u010detna stranica\",\"item\":\"https:\/\/www.rijeka.hr\/it\/\"},{\"@type\":\"ListItem\",\"position\":2,\"name\":\"Dalla prossima domenica il mercato in Baida ospiter\u00e0 un mercato delle pulci\"}]},{\"@type\":\"WebSite\",\"@id\":\"https:\/\/www.rijeka.hr\/it\/#website\",\"url\":\"https:\/\/www.rijeka.hr\/it\/\",\"name\":\"Citt\u00e0 di Fiume\",\"description\":\"Portale web della Citta&#039; di Fiume\",\"potentialAction\":[{\"@type\":\"SearchAction\",\"target\":{\"@type\":\"EntryPoint\",\"urlTemplate\":\"https:\/\/www.rijeka.hr\/it\/?s={search_term_string}\"},\"query-input\":{\"@type\":\"PropertyValueSpecification\",\"valueRequired\":true,\"valueName\":\"search_term_string\"}}],\"inLanguage\":\"it-IT\"},{\"@type\":\"Person\",\"@id\":\"https:\/\/www.rijeka.hr\/it\/#\/schema\/person\/f944eacc70b6a69bc142d9389862b37b\",\"name\":\"sradovic\",\"image\":{\"@type\":\"ImageObject\",\"inLanguage\":\"it-IT\",\"@id\":\"https:\/\/www.rijeka.hr\/it\/#\/schema\/person\/image\/\",\"url\":\"https:\/\/secure.gravatar.com\/avatar\/d438b95983d528813c6fe2e5812a4188?s=96&d=mm&r=g\",\"contentUrl\":\"https:\/\/secure.gravatar.com\/avatar\/d438b95983d528813c6fe2e5812a4188?s=96&d=mm&r=g\",\"caption\":\"sradovic\"},\"url\":\"https:\/\/www.rijeka.hr\/it\/author\/sradovic\/\"}]}<\/script>\n<!-- \/ Yoast SEO plugin. -->","yoast_head_json":{"title":"Dalla prossima domenica il mercato in Baida ospiter\u00e0 un mercato delle pulci - Citt\u00e0 di Fiume","robots":{"index":"index","follow":"follow","max-snippet":"max-snippet:-1","max-image-preview":"max-image-preview:large","max-video-preview":"max-video-preview:-1"},"canonical":"https:\/\/www.rijeka.hr\/it\/dalla-prossima-domenica-il-mercato-baida-ospitera-un-mercato-delle-pulci\/","og_locale":"it_IT","og_type":"article","og_title":"Dalla prossima domenica il mercato in Baida ospiter\u00e0 un mercato delle pulci - Citt\u00e0 di Fiume","og_description":"Nell\u2019organizzazione della municipalizzata Rijeka plus, da domenica, 30 settembre presso il mercato in Braida si svolger\u00e0 l\u2019esibizione e la vendita di merci di seconda mano, popolarmente chiamato il mercato delle pulci, \u00e8 stato deciso nel corso del collegio del sindaco.","og_url":"https:\/\/www.rijeka.hr\/it\/dalla-prossima-domenica-il-mercato-baida-ospitera-un-mercato-delle-pulci\/","og_site_name":"Citt\u00e0 di Fiume","article_published_time":"2018-09-25T07:28:52+00:00","article_modified_time":"2019-10-11T07:37:50+00:00","og_image":[{"width":900,"height":600,"url":"https:\/\/www.rijeka.hr\/it\/wp-content\/uploads\/sites\/3\/2018\/09\/29.-gradona\u010delnikov-kolegij-1-900x600.jpg","type":"image\/jpeg"}],"author":"sradovic","twitter_card":"summary_large_image","twitter_misc":{"Written by":"sradovic","Est. reading time":"3 minutes"},"schema":{"@context":"https:\/\/schema.org","@graph":[{"@type":"WebPage","@id":"https:\/\/www.rijeka.hr\/it\/dalla-prossima-domenica-il-mercato-baida-ospitera-un-mercato-delle-pulci\/","url":"https:\/\/www.rijeka.hr\/it\/dalla-prossima-domenica-il-mercato-baida-ospitera-un-mercato-delle-pulci\/","name":"Dalla prossima domenica il mercato in Baida ospiter\u00e0 un mercato delle pulci - Citt\u00e0 di Fiume","isPartOf":{"@id":"https:\/\/www.rijeka.hr\/it\/#website"},"primaryImageOfPage":{"@id":"https:\/\/www.rijeka.hr\/it\/dalla-prossima-domenica-il-mercato-baida-ospitera-un-mercato-delle-pulci\/#primaryimage"},"image":{"@id":"https:\/\/www.rijeka.hr\/it\/dalla-prossima-domenica-il-mercato-baida-ospitera-un-mercato-delle-pulci\/#primaryimage"},"thumbnailUrl":"https:\/\/www.rijeka.hr\/it\/wp-content\/uploads\/sites\/3\/2018\/09\/29.-gradona\u010delnikov-kolegij-1-900x600.jpg","datePublished":"2018-09-25T07:28:52+00:00","dateModified":"2019-10-11T07:37:50+00:00","author":{"@id":"https:\/\/www.rijeka.hr\/it\/#\/schema\/person\/f944eacc70b6a69bc142d9389862b37b"},"breadcrumb":{"@id":"https:\/\/www.rijeka.hr\/it\/dalla-prossima-domenica-il-mercato-baida-ospitera-un-mercato-delle-pulci\/#breadcrumb"},"inLanguage":"it-IT","potentialAction":[{"@type":"ReadAction","target":["https:\/\/www.rijeka.hr\/it\/dalla-prossima-domenica-il-mercato-baida-ospitera-un-mercato-delle-pulci\/"]}]},{"@type":"ImageObject","inLanguage":"it-IT","@id":"https:\/\/www.rijeka.hr\/it\/dalla-prossima-domenica-il-mercato-baida-ospitera-un-mercato-delle-pulci\/#primaryimage","url":"https:\/\/www.rijeka.hr\/it\/wp-content\/uploads\/sites\/3\/2018\/09\/29.-gradona\u010delnikov-kolegij-1-900x600.jpg","contentUrl":"https:\/\/www.rijeka.hr\/it\/wp-content\/uploads\/sites\/3\/2018\/09\/29.-gradona\u010delnikov-kolegij-1-900x600.jpg","width":900,"height":600},{"@type":"BreadcrumbList","@id":"https:\/\/www.rijeka.hr\/it\/dalla-prossima-domenica-il-mercato-baida-ospitera-un-mercato-delle-pulci\/#breadcrumb","itemListElement":[{"@type":"ListItem","position":1,"name":"Po\u010detna stranica","item":"https:\/\/www.rijeka.hr\/it\/"},{"@type":"ListItem","position":2,"name":"Dalla prossima domenica il mercato in Baida ospiter\u00e0 un mercato delle pulci"}]},{"@type":"WebSite","@id":"https:\/\/www.rijeka.hr\/it\/#website","url":"https:\/\/www.rijeka.hr\/it\/","name":"Citt\u00e0 di Fiume","description":"Portale web della Citta&#039; di Fiume","potentialAction":[{"@type":"SearchAction","target":{"@type":"EntryPoint","urlTemplate":"https:\/\/www.rijeka.hr\/it\/?s={search_term_string}"},"query-input":{"@type":"PropertyValueSpecification","valueRequired":true,"valueName":"search_term_string"}}],"inLanguage":"it-IT"},{"@type":"Person","@id":"https:\/\/www.rijeka.hr\/it\/#\/schema\/person\/f944eacc70b6a69bc142d9389862b37b","name":"sradovic","image":{"@type":"ImageObject","inLanguage":"it-IT","@id":"https:\/\/www.rijeka.hr\/it\/#\/schema\/person\/image\/","url":"https:\/\/secure.gravatar.com\/avatar\/d438b95983d528813c6fe2e5812a4188?s=96&d=mm&r=g","contentUrl":"https:\/\/secure.gravatar.com\/avatar\/d438b95983d528813c6fe2e5812a4188?s=96&d=mm&r=g","caption":"sradovic"},"url":"https:\/\/www.rijeka.hr\/it\/author\/sradovic\/"}]}},"_links":{"self":[{"href":"https:\/\/www.rijeka.hr\/it\/wp-json\/wp\/v2\/posts\/7258","targetHints":{"allow":["GET"]}}],"collection":[{"href":"https:\/\/www.rijeka.hr\/it\/wp-json\/wp\/v2\/posts"}],"about":[{"href":"https:\/\/www.rijeka.hr\/it\/wp-json\/wp\/v2\/types\/post"}],"author":[{"embeddable":true,"href":"https:\/\/www.rijeka.hr\/it\/wp-json\/wp\/v2\/users\/8"}],"replies":[{"embeddable":true,"href":"https:\/\/www.rijeka.hr\/it\/wp-json\/wp\/v2\/comments?post=7258"}],"version-history":[{"count":6,"href":"https:\/\/www.rijeka.hr\/it\/wp-json\/wp\/v2\/posts\/7258\/revisions"}],"predecessor-version":[{"id":9666,"href":"https:\/\/www.rijeka.hr\/it\/wp-json\/wp\/v2\/posts\/7258\/revisions\/9666"}],"wp:featuredmedia":[{"embeddable":true,"href":"https:\/\/www.rijeka.hr\/it\/wp-json\/wp\/v2\/media\/7260"}],"wp:attachment":[{"href":"https:\/\/www.rijeka.hr\/it\/wp-json\/wp\/v2\/media?parent=7258"}],"wp:term":[{"taxonomy":"category","embeddable":true,"href":"https:\/\/www.rijeka.hr\/it\/wp-json\/wp\/v2\/categories?post=7258"},{"taxonomy":"post_tag","embeddable":true,"href":"https:\/\/www.rijeka.hr\/it\/wp-json\/wp\/v2\/tags?post=7258"}],"curies":[{"name":"wp","href":"https:\/\/api.w.org\/{rel}","templated":true}]}}