{"id":8168,"date":"2019-02-11T14:41:31","date_gmt":"2019-02-11T13:41:31","guid":{"rendered":"https:\/\/www.rijeka.hr\/it\/?p=8168"},"modified":"2019-10-11T09:09:32","modified_gmt":"2019-10-11T07:09:32","slug":"la-citta-di-fiume-continua-finanziare-progetti-promossi-nellambito-della-sanita-e-della-previdenza-sociale-che-superano-lo-standard-nazionale","status":"publish","type":"post","link":"https:\/\/www.rijeka.hr\/it\/la-citta-di-fiume-continua-finanziare-progetti-promossi-nellambito-della-sanita-e-della-previdenza-sociale-che-superano-lo-standard-nazionale\/","title":{"rendered":"La Citt\u00e0 di Fiume continua a finanziare i progetti promossi nell\u2019ambito della sanit\u00e0 e della previdenza sociale che superano lo standard nazionale"},"content":{"rendered":"<p>Secondo quanto detto nel corso del collegio del sindaco da Karla Mu\u0161kovi\u0107, a capo del Dipartimento per la sanit\u00e0 e la previdenza sociale, la Citt\u00e0 di Fiume ormai da tanti anni collabora e sovvenziona l\u2019attuazione dei progetti e dei programmi che superano gli standard determinati dalle norme di legge.<\/p>\n<p>Al fine di migliorare la qualit\u00e0 di vita dei cittadini, nel 2019, la Citt\u00e0 di Fiume sovvenzioner\u00e0 il programma preventivo \u201cL\u2019educazione alle abilit\u00e0 di vita\u201d, le squadre mobili di cure palliative e la sistemazione all\u2019ospizio, l\u2019assistenza domiciliare, il Consultorio nutrizionale lattanti, nell\u2019ambito del quale vengono compensati i costi del latte artificiale per lattanti, oltre a questo i turni di lavoro dei pediatri nell\u2019ambulatorio di servizio all\u2019indirizzo via Cambieri il sabato mattina ecc. La Citt\u00e0 di Fiume ha assicurato persino 2,5 milioni di kune per il lavoro dell\u2019Associazione cittadina della Croce Rossa, di cui la maggior parte, ovvero l\u2019importo di 2,2 milioni di kune riguarda il finanziamento della mensa dei poveri.<\/p>\n<p>Per i cittadini socialmente deboli, la Citt\u00e0 compenser\u00e0 quest\u2019anno le spese abitative \u2013 interamente le spese dell\u2019energia termica distribuita dalla municipalizzata Energo e parzialmente le spese che riguardano il consumo mensile di energia elettrica.<\/p>\n<h2>L\u2019ospedale di Lopa\u010da \u00e8 rimasto senza mezzi decentralizzati<\/h2>\n<div id=\"attachment_8173\" class=\"wp-caption alignleft\"><img decoding=\"async\" class=\"wp-image-8173 size-medium\" src=\"https:\/\/www.rijeka.hr\/it\/wp-content\/uploads\/sites\/3\/2019\/02\/39.-gradona\u010delnikov-kolegij-2-600x400-300x200.jpg\" alt=\"\" \/><p class=\"wp-caption-text\">La Citt\u00e0 di Fiume ormai da tanti anni procura i mezzi per progetti e programmi nell\u2019ambito della tutela sanitaria e della previdenza sociale che superano lo standard nazionale.<\/p><\/div>\n<p>Parlando della tutela sanitaria disponibile a Fiume, il sindaco Vojko Obersnel ha rilevato il problema che la Citt\u00e0 di Fiume affronta da molti anni come fondatore dell\u2019ospedale psichiatrico di Lopa\u010da. Con le modifiche alla Legge sulla tutela sanitaria in ospedali speciali, e l\u2019Ospedale psichiatrico di Lopa\u010da \u00e8 un ospedale di tale genere, viene assicurata la partecipazione aggiuntiva ai mezzi decentralizzati del bilancio dello stato. Per\u00f2 nel bilancio dello stato per il 2019, non sono previsti aggiuntivi mezzi decentralizzati per ospedali psichiatrici e l\u2019Ospedale psichiatrico di Lopa\u010da dipender\u00e0 di nuovo esclusivamente dal sovvenzionamento della Citt\u00e0 di Fiume.<\/p>\n<h2>Proposta di modifica della Delibera sull\u2019indennizzo comunale inviata al Consiglio cittadino<\/h2>\n<p>Al Consiglio cittadino \u00e8 stata inviata la proposta di modifica della Delibera sull\u2019indennizzo comunale che \u00e8 stata armonizzata con la nuova Legge sull\u2019economia comunale. Tra altre modifiche, si propone di modificare il coefficiente della zona some pure l\u2019estensione delle zone.<\/p>\n<h2>Adesione al Patto dei sindaci per il clima e l\u2019energia<\/h2>\n<p>Al Consiglio cittadino \u00e8 stata inviata la proposta di adesione al Patto dei sindaci per il clima e l\u2019energia della Citt\u00e0 di Fiume avviato da parte della Commissione europea.<\/p>\n","protected":false},"excerpt":{"rendered":"<p>Continuando da molti anni la sua proficua collaborazione con una serie di istituzioni, la Citt\u00e0 di Fiume stanzier\u00e0 nel 2019, 2,4 milioni di kune per i progetti e i programmi che superano lo standard nazionale, promossi nell\u2019ambito della tutela sanitaria e della previdenza sociale.<\/p>\n","protected":false},"author":8,"featured_media":8172,"comment_status":"open","ping_status":"open","sticky":false,"template":"","format":"standard","meta":{"_acf_changed":false,"_trash_the_other_posts":false,"footnotes":"","_links_to":"","_links_to_target":""},"categories":[416],"tags":[610,612,611,613,608,609],"class_list":["post-8168","post","type-post","status-publish","format-standard","has-post-thumbnail","hentry","category-collegio-del-sindaco","tag-ambulatorio-di-servizio","tag-mezzi-decentralizzati","tag-parzialmente-le-spese-che-riguardano-il-consumo-mensile-di-energia-elettrica-lospedale-di-lopaca","tag-patto-dei-sindaci-per-il-clima-e-lenergia","tag-progetti-e-dei-programmi-che-superano-gli-standard-determinati-dalle-norme-di-legge","tag-squadre-mobili-di-cure-palliative"],"acf":[],"yoast_head":"<!-- This site is optimized with the Yoast SEO plugin v24.4 - https:\/\/yoast.com\/wordpress\/plugins\/seo\/ -->\n<title>La Citt\u00e0 di Fiume continua a finanziare i progetti promossi nell\u2019ambito della sanit\u00e0 e della previdenza sociale che superano lo standard nazionale - Citt\u00e0 di Fiume<\/title>\n<meta name=\"robots\" content=\"index, follow, max-snippet:-1, max-image-preview:large, max-video-preview:-1\" \/>\n<link rel=\"canonical\" href=\"https:\/\/www.rijeka.hr\/it\/la-citta-di-fiume-continua-finanziare-progetti-promossi-nellambito-della-sanita-e-della-previdenza-sociale-che-superano-lo-standard-nazionale\/\" \/>\n<meta property=\"og:locale\" content=\"it_IT\" \/>\n<meta property=\"og:type\" content=\"article\" \/>\n<meta property=\"og:title\" content=\"La Citt\u00e0 di Fiume continua a finanziare i progetti promossi nell\u2019ambito della sanit\u00e0 e della previdenza sociale che superano lo standard nazionale - Citt\u00e0 di Fiume\" \/>\n<meta property=\"og:description\" content=\"Continuando da molti anni la sua proficua collaborazione con una serie di istituzioni, la Citt\u00e0 di Fiume stanzier\u00e0 nel 2019, 2,4 milioni di kune per i progetti e i programmi che superano lo standard nazionale, promossi nell\u2019ambito della tutela sanitaria e della previdenza sociale.\" \/>\n<meta property=\"og:url\" content=\"https:\/\/www.rijeka.hr\/it\/la-citta-di-fiume-continua-finanziare-progetti-promossi-nellambito-della-sanita-e-della-previdenza-sociale-che-superano-lo-standard-nazionale\/\" \/>\n<meta property=\"og:site_name\" content=\"Citt\u00e0 di Fiume\" \/>\n<meta property=\"article:published_time\" content=\"2019-02-11T13:41:31+00:00\" \/>\n<meta property=\"article:modified_time\" content=\"2019-10-11T07:09:32+00:00\" \/>\n<meta property=\"og:image\" content=\"https:\/\/www.rijeka.hr\/it\/wp-content\/uploads\/sites\/3\/2019\/02\/39.-gradona\u010delnikov-kolegij-1-900x600.jpg\" \/>\n\t<meta property=\"og:image:width\" content=\"900\" \/>\n\t<meta property=\"og:image:height\" content=\"600\" \/>\n\t<meta property=\"og:image:type\" content=\"image\/jpeg\" \/>\n<meta name=\"author\" content=\"sradovic\" \/>\n<meta name=\"twitter:card\" content=\"summary_large_image\" \/>\n<meta name=\"twitter:label1\" content=\"Written by\" \/>\n\t<meta name=\"twitter:data1\" content=\"sradovic\" \/>\n\t<meta name=\"twitter:label2\" content=\"Est. reading time\" \/>\n\t<meta name=\"twitter:data2\" content=\"2 minutes\" \/>\n<script type=\"application\/ld+json\" class=\"yoast-schema-graph\">{\"@context\":\"https:\/\/schema.org\",\"@graph\":[{\"@type\":\"WebPage\",\"@id\":\"https:\/\/www.rijeka.hr\/it\/la-citta-di-fiume-continua-finanziare-progetti-promossi-nellambito-della-sanita-e-della-previdenza-sociale-che-superano-lo-standard-nazionale\/\",\"url\":\"https:\/\/www.rijeka.hr\/it\/la-citta-di-fiume-continua-finanziare-progetti-promossi-nellambito-della-sanita-e-della-previdenza-sociale-che-superano-lo-standard-nazionale\/\",\"name\":\"La Citt\u00e0 di Fiume continua a finanziare i progetti promossi nell\u2019ambito della sanit\u00e0 e della previdenza sociale che superano lo standard nazionale - Citt\u00e0 di Fiume\",\"isPartOf\":{\"@id\":\"https:\/\/www.rijeka.hr\/it\/#website\"},\"primaryImageOfPage\":{\"@id\":\"https:\/\/www.rijeka.hr\/it\/la-citta-di-fiume-continua-finanziare-progetti-promossi-nellambito-della-sanita-e-della-previdenza-sociale-che-superano-lo-standard-nazionale\/#primaryimage\"},\"image\":{\"@id\":\"https:\/\/www.rijeka.hr\/it\/la-citta-di-fiume-continua-finanziare-progetti-promossi-nellambito-della-sanita-e-della-previdenza-sociale-che-superano-lo-standard-nazionale\/#primaryimage\"},\"thumbnailUrl\":\"https:\/\/www.rijeka.hr\/it\/wp-content\/uploads\/sites\/3\/2019\/02\/39.-gradona\u010delnikov-kolegij-1-900x600.jpg\",\"datePublished\":\"2019-02-11T13:41:31+00:00\",\"dateModified\":\"2019-10-11T07:09:32+00:00\",\"author\":{\"@id\":\"https:\/\/www.rijeka.hr\/it\/#\/schema\/person\/f944eacc70b6a69bc142d9389862b37b\"},\"breadcrumb\":{\"@id\":\"https:\/\/www.rijeka.hr\/it\/la-citta-di-fiume-continua-finanziare-progetti-promossi-nellambito-della-sanita-e-della-previdenza-sociale-che-superano-lo-standard-nazionale\/#breadcrumb\"},\"inLanguage\":\"it-IT\",\"potentialAction\":[{\"@type\":\"ReadAction\",\"target\":[\"https:\/\/www.rijeka.hr\/it\/la-citta-di-fiume-continua-finanziare-progetti-promossi-nellambito-della-sanita-e-della-previdenza-sociale-che-superano-lo-standard-nazionale\/\"]}]},{\"@type\":\"ImageObject\",\"inLanguage\":\"it-IT\",\"@id\":\"https:\/\/www.rijeka.hr\/it\/la-citta-di-fiume-continua-finanziare-progetti-promossi-nellambito-della-sanita-e-della-previdenza-sociale-che-superano-lo-standard-nazionale\/#primaryimage\",\"url\":\"https:\/\/www.rijeka.hr\/it\/wp-content\/uploads\/sites\/3\/2019\/02\/39.-gradona\u010delnikov-kolegij-1-900x600.jpg\",\"contentUrl\":\"https:\/\/www.rijeka.hr\/it\/wp-content\/uploads\/sites\/3\/2019\/02\/39.-gradona\u010delnikov-kolegij-1-900x600.jpg\",\"width\":900,\"height\":600},{\"@type\":\"BreadcrumbList\",\"@id\":\"https:\/\/www.rijeka.hr\/it\/la-citta-di-fiume-continua-finanziare-progetti-promossi-nellambito-della-sanita-e-della-previdenza-sociale-che-superano-lo-standard-nazionale\/#breadcrumb\",\"itemListElement\":[{\"@type\":\"ListItem\",\"position\":1,\"name\":\"Po\u010detna stranica\",\"item\":\"https:\/\/www.rijeka.hr\/it\/\"},{\"@type\":\"ListItem\",\"position\":2,\"name\":\"La Citt\u00e0 di Fiume continua a finanziare i progetti promossi nell\u2019ambito della sanit\u00e0 e della previdenza sociale che superano lo standard nazionale\"}]},{\"@type\":\"WebSite\",\"@id\":\"https:\/\/www.rijeka.hr\/it\/#website\",\"url\":\"https:\/\/www.rijeka.hr\/it\/\",\"name\":\"Citt\u00e0 di Fiume\",\"description\":\"Portale web della Citta&#039; di Fiume\",\"potentialAction\":[{\"@type\":\"SearchAction\",\"target\":{\"@type\":\"EntryPoint\",\"urlTemplate\":\"https:\/\/www.rijeka.hr\/it\/?s={search_term_string}\"},\"query-input\":{\"@type\":\"PropertyValueSpecification\",\"valueRequired\":true,\"valueName\":\"search_term_string\"}}],\"inLanguage\":\"it-IT\"},{\"@type\":\"Person\",\"@id\":\"https:\/\/www.rijeka.hr\/it\/#\/schema\/person\/f944eacc70b6a69bc142d9389862b37b\",\"name\":\"sradovic\",\"image\":{\"@type\":\"ImageObject\",\"inLanguage\":\"it-IT\",\"@id\":\"https:\/\/www.rijeka.hr\/it\/#\/schema\/person\/image\/\",\"url\":\"https:\/\/secure.gravatar.com\/avatar\/d438b95983d528813c6fe2e5812a4188?s=96&d=mm&r=g\",\"contentUrl\":\"https:\/\/secure.gravatar.com\/avatar\/d438b95983d528813c6fe2e5812a4188?s=96&d=mm&r=g\",\"caption\":\"sradovic\"},\"url\":\"https:\/\/www.rijeka.hr\/it\/author\/sradovic\/\"}]}<\/script>\n<!-- \/ Yoast SEO plugin. -->","yoast_head_json":{"title":"La Citt\u00e0 di Fiume continua a finanziare i progetti promossi nell\u2019ambito della sanit\u00e0 e della previdenza sociale che superano lo standard nazionale - Citt\u00e0 di Fiume","robots":{"index":"index","follow":"follow","max-snippet":"max-snippet:-1","max-image-preview":"max-image-preview:large","max-video-preview":"max-video-preview:-1"},"canonical":"https:\/\/www.rijeka.hr\/it\/la-citta-di-fiume-continua-finanziare-progetti-promossi-nellambito-della-sanita-e-della-previdenza-sociale-che-superano-lo-standard-nazionale\/","og_locale":"it_IT","og_type":"article","og_title":"La Citt\u00e0 di Fiume continua a finanziare i progetti promossi nell\u2019ambito della sanit\u00e0 e della previdenza sociale che superano lo standard nazionale - Citt\u00e0 di Fiume","og_description":"Continuando da molti anni la sua proficua collaborazione con una serie di istituzioni, la Citt\u00e0 di Fiume stanzier\u00e0 nel 2019, 2,4 milioni di kune per i progetti e i programmi che superano lo standard nazionale, promossi nell\u2019ambito della tutela sanitaria e della previdenza sociale.","og_url":"https:\/\/www.rijeka.hr\/it\/la-citta-di-fiume-continua-finanziare-progetti-promossi-nellambito-della-sanita-e-della-previdenza-sociale-che-superano-lo-standard-nazionale\/","og_site_name":"Citt\u00e0 di Fiume","article_published_time":"2019-02-11T13:41:31+00:00","article_modified_time":"2019-10-11T07:09:32+00:00","og_image":[{"width":900,"height":600,"url":"https:\/\/www.rijeka.hr\/it\/wp-content\/uploads\/sites\/3\/2019\/02\/39.-gradona\u010delnikov-kolegij-1-900x600.jpg","type":"image\/jpeg"}],"author":"sradovic","twitter_card":"summary_large_image","twitter_misc":{"Written by":"sradovic","Est. reading time":"2 minutes"},"schema":{"@context":"https:\/\/schema.org","@graph":[{"@type":"WebPage","@id":"https:\/\/www.rijeka.hr\/it\/la-citta-di-fiume-continua-finanziare-progetti-promossi-nellambito-della-sanita-e-della-previdenza-sociale-che-superano-lo-standard-nazionale\/","url":"https:\/\/www.rijeka.hr\/it\/la-citta-di-fiume-continua-finanziare-progetti-promossi-nellambito-della-sanita-e-della-previdenza-sociale-che-superano-lo-standard-nazionale\/","name":"La Citt\u00e0 di Fiume continua a finanziare i progetti promossi nell\u2019ambito della sanit\u00e0 e della previdenza sociale che superano lo standard nazionale - Citt\u00e0 di Fiume","isPartOf":{"@id":"https:\/\/www.rijeka.hr\/it\/#website"},"primaryImageOfPage":{"@id":"https:\/\/www.rijeka.hr\/it\/la-citta-di-fiume-continua-finanziare-progetti-promossi-nellambito-della-sanita-e-della-previdenza-sociale-che-superano-lo-standard-nazionale\/#primaryimage"},"image":{"@id":"https:\/\/www.rijeka.hr\/it\/la-citta-di-fiume-continua-finanziare-progetti-promossi-nellambito-della-sanita-e-della-previdenza-sociale-che-superano-lo-standard-nazionale\/#primaryimage"},"thumbnailUrl":"https:\/\/www.rijeka.hr\/it\/wp-content\/uploads\/sites\/3\/2019\/02\/39.-gradona\u010delnikov-kolegij-1-900x600.jpg","datePublished":"2019-02-11T13:41:31+00:00","dateModified":"2019-10-11T07:09:32+00:00","author":{"@id":"https:\/\/www.rijeka.hr\/it\/#\/schema\/person\/f944eacc70b6a69bc142d9389862b37b"},"breadcrumb":{"@id":"https:\/\/www.rijeka.hr\/it\/la-citta-di-fiume-continua-finanziare-progetti-promossi-nellambito-della-sanita-e-della-previdenza-sociale-che-superano-lo-standard-nazionale\/#breadcrumb"},"inLanguage":"it-IT","potentialAction":[{"@type":"ReadAction","target":["https:\/\/www.rijeka.hr\/it\/la-citta-di-fiume-continua-finanziare-progetti-promossi-nellambito-della-sanita-e-della-previdenza-sociale-che-superano-lo-standard-nazionale\/"]}]},{"@type":"ImageObject","inLanguage":"it-IT","@id":"https:\/\/www.rijeka.hr\/it\/la-citta-di-fiume-continua-finanziare-progetti-promossi-nellambito-della-sanita-e-della-previdenza-sociale-che-superano-lo-standard-nazionale\/#primaryimage","url":"https:\/\/www.rijeka.hr\/it\/wp-content\/uploads\/sites\/3\/2019\/02\/39.-gradona\u010delnikov-kolegij-1-900x600.jpg","contentUrl":"https:\/\/www.rijeka.hr\/it\/wp-content\/uploads\/sites\/3\/2019\/02\/39.-gradona\u010delnikov-kolegij-1-900x600.jpg","width":900,"height":600},{"@type":"BreadcrumbList","@id":"https:\/\/www.rijeka.hr\/it\/la-citta-di-fiume-continua-finanziare-progetti-promossi-nellambito-della-sanita-e-della-previdenza-sociale-che-superano-lo-standard-nazionale\/#breadcrumb","itemListElement":[{"@type":"ListItem","position":1,"name":"Po\u010detna stranica","item":"https:\/\/www.rijeka.hr\/it\/"},{"@type":"ListItem","position":2,"name":"La Citt\u00e0 di Fiume continua a finanziare i progetti promossi nell\u2019ambito della sanit\u00e0 e della previdenza sociale che superano lo standard nazionale"}]},{"@type":"WebSite","@id":"https:\/\/www.rijeka.hr\/it\/#website","url":"https:\/\/www.rijeka.hr\/it\/","name":"Citt\u00e0 di Fiume","description":"Portale web della Citta&#039; di Fiume","potentialAction":[{"@type":"SearchAction","target":{"@type":"EntryPoint","urlTemplate":"https:\/\/www.rijeka.hr\/it\/?s={search_term_string}"},"query-input":{"@type":"PropertyValueSpecification","valueRequired":true,"valueName":"search_term_string"}}],"inLanguage":"it-IT"},{"@type":"Person","@id":"https:\/\/www.rijeka.hr\/it\/#\/schema\/person\/f944eacc70b6a69bc142d9389862b37b","name":"sradovic","image":{"@type":"ImageObject","inLanguage":"it-IT","@id":"https:\/\/www.rijeka.hr\/it\/#\/schema\/person\/image\/","url":"https:\/\/secure.gravatar.com\/avatar\/d438b95983d528813c6fe2e5812a4188?s=96&d=mm&r=g","contentUrl":"https:\/\/secure.gravatar.com\/avatar\/d438b95983d528813c6fe2e5812a4188?s=96&d=mm&r=g","caption":"sradovic"},"url":"https:\/\/www.rijeka.hr\/it\/author\/sradovic\/"}]}},"_links":{"self":[{"href":"https:\/\/www.rijeka.hr\/it\/wp-json\/wp\/v2\/posts\/8168","targetHints":{"allow":["GET"]}}],"collection":[{"href":"https:\/\/www.rijeka.hr\/it\/wp-json\/wp\/v2\/posts"}],"about":[{"href":"https:\/\/www.rijeka.hr\/it\/wp-json\/wp\/v2\/types\/post"}],"author":[{"embeddable":true,"href":"https:\/\/www.rijeka.hr\/it\/wp-json\/wp\/v2\/users\/8"}],"replies":[{"embeddable":true,"href":"https:\/\/www.rijeka.hr\/it\/wp-json\/wp\/v2\/comments?post=8168"}],"version-history":[{"count":8,"href":"https:\/\/www.rijeka.hr\/it\/wp-json\/wp\/v2\/posts\/8168\/revisions"}],"predecessor-version":[{"id":9651,"href":"https:\/\/www.rijeka.hr\/it\/wp-json\/wp\/v2\/posts\/8168\/revisions\/9651"}],"wp:featuredmedia":[{"embeddable":true,"href":"https:\/\/www.rijeka.hr\/it\/wp-json\/wp\/v2\/media\/8172"}],"wp:attachment":[{"href":"https:\/\/www.rijeka.hr\/it\/wp-json\/wp\/v2\/media?parent=8168"}],"wp:term":[{"taxonomy":"category","embeddable":true,"href":"https:\/\/www.rijeka.hr\/it\/wp-json\/wp\/v2\/categories?post=8168"},{"taxonomy":"post_tag","embeddable":true,"href":"https:\/\/www.rijeka.hr\/it\/wp-json\/wp\/v2\/tags?post=8168"}],"curies":[{"name":"wp","href":"https:\/\/api.w.org\/{rel}","templated":true}]}}